{"id":9838,"date":"2023-01-24T22:02:25","date_gmt":"2023-01-24T22:02:25","guid":{"rendered":"https:\/\/www.centroeleia.edu.mx\/blog\/?p=9838"},"modified":"2023-03-30T14:26:19","modified_gmt":"2023-03-30T20:26:19","slug":"jornadas-clinicas-psicoterapia-y-psicoanalisis-hoy-fundamentos-y-transformaciones","status":"publish","type":"post","link":"https:\/\/www.centroeleia.edu.mx\/blog\/jornadas-clinicas-psicoterapia-y-psicoanalisis-hoy-fundamentos-y-transformaciones\/","title":{"rendered":"Jornadas cl\u00ednicas: \u201cPsicoterapia y psicoan\u00e1lisis hoy. Fundamentos y transformaciones\u201d"},"content":{"rendered":"\n<p>Por Comisi\u00f3n organizadora de las Jornadas<\/p>\n<p>\u00a0<\/p>\n<p>Desde hace dieciocho a\u00f1os, de manera bianual, Centro Eleia ha llevado a cabo sus tradicionales jornadas te\u00f3rico-cl\u00ednicas. En ellas, docentes de los programas de maestr\u00eda y doctorado comparten ponencias sobre ideas te\u00f3ricas y conceptos t\u00e9cnicos de la mayor relevancia y actualidad. Aparte de trabajar sobre las ideas que orientan el trabajo psicoterap\u00e9utico, los maestros y supervisores que participan en los programas acad\u00e9micos y en el Servicio de Atenci\u00f3n Psicol\u00f3gica Comunitaria dialogan sobre los historiales y las sesiones que presentan alumnos y exalumnos.<\/p>\n<p>\u00a0<\/p>\n<p>Los pr\u00f3ximos viernes 2 y s\u00e1bado 3 de junio, Centro Eleia celebrar\u00e1 sus d\u00e9cimas jornadas cl\u00ednicas, tituladas: <strong>\u201c<\/strong><strong>Psicoterapia y psicoan\u00e1lisis hoy. Fundamentos y transformaciones\u201d.<\/strong> Para mantener la cercan\u00eda y, al mismo tiempo, incluir al mayor n\u00famero de interesados, las Jornadas tendr\u00e1n una modalidad h\u00edbrida, que combinar\u00e1 conferencias presenciales en el Auditorio del Hospital Espa\u00f1ol con encuentros virtuales. Contaremos con la participaci\u00f3n de destacados psicoanalistas que compartir\u00e1n ideas actualizadas sobre las ventajas y retos que enfrenta el m\u00e9todo psicoanal\u00edtico en la actualidad. A su vez, las mesas de di\u00e1logo cl\u00ednico ofrecer\u00e1n un espacio para conocer la forma en que, hoy en d\u00eda, se trabajan tanto el v\u00ednculo terap\u00e9utico como los sue\u00f1os que ocurren en la sesi\u00f3n.<\/p>\n<p>\u00a0<\/p>\n<p>Tambi\u00e9n participar\u00e1n egresados que lideran equipos psicol\u00f3gicos en algunas de las mejores instituciones educativas y hospitalarias del pa\u00eds, para ayudarnos a abordar c\u00f3mo las ideas psicol\u00f3gicas trasforman los ambientes educativos, laborales y hospitalarios. Adem\u00e1s, la presencia de estos profesionales permitir\u00e1 conocer oportunidades laborales disponibles para quienes se forman en las distintas disciplinas que son parte del campo de la salud mental.<\/p>\n<p>\u00a0<\/p>\n<p>Este evento constituir\u00e1 un espacio de di\u00e1logo plural, en el que se podr\u00e1 reflexionar sobre diversos temas, como son: los conceptos te\u00f3ricos y herramientas t\u00e9cnicas que permanecen como los fundamentos de la comprensi\u00f3n psicodin\u00e1mica; los cambios en la t\u00e9cnica actual; el dise\u00f1o de interpretaciones que promuevan el cambio ps\u00edquico; la importancia de la relaci\u00f3n transferencial; la evoluci\u00f3n de los diagn\u00f3sticos psicoanal\u00edticos; la elecci\u00f3n de estrategias terap\u00e9uticas; las semejanzas y diferencias entre el psicoan\u00e1lisis, la psicoterapia psicoanal\u00edtica y la psicoterapia de apoyo; entre otros.<\/p>\n<p>\u00a0<\/p>\n<p>Las jornadas ser\u00e1n una excelente oportunidad para dialogar, en un clima de apertura y respeto hacia las ideas diversas, sobre los temas m\u00e1s relevantes para la formaci\u00f3n y el trabajo psicoterap\u00e9utico. \u00a1Te esperamos!<\/p>\n<p>\u00a0<\/p>\n<p>Marta Puig<\/p>\n<p>Gabriela Turrent<\/p>\n<p>Graciela Arredondo<\/p>\n<p>V\u00edctor Ruiz<\/p>\n<p>Comisi\u00f3n Jornadas 2023<\/p>\n<p>\u00a0<\/p>\n<p>Reg\u00edstrate al evento: <a href=\"https:\/\/jornadasclinicas2023.site\/portada.aspx\">https:\/\/jornadasclinicas2023.site\/portada.aspx<\/a><\/p>\n<p>\u00a0<\/p>\n<p>\u00a0<\/p>\n<p>\u00a0<\/p>\n<p>\u00a0<\/p>\n<p>\u00a0<\/p>\n<p>\u00a0<\/p>\n","protected":false},"excerpt":{"rendered":"<p>Por Comisi\u00f3n organizadora de las Jornadas \u00a0 Desde hace dieciocho a\u00f1os, de manera bianual, Centro Eleia ha llevado a cabo sus tradicionales jornadas te\u00f3rico-cl\u00ednicas. En ellas, docentes de los programas de maestr\u00eda y doctorado comparten ponencias sobre ideas te\u00f3ricas y conceptos t\u00e9cnicos de la mayor relevancia y actualidad. Aparte de trabajar sobre las ideas que orientan el trabajo psicoterap\u00e9utico, los maestros y supervisores que participan en los programas acad\u00e9micos y en el Servicio de Atenci\u00f3n Psicol\u00f3gica Comunitaria dialogan sobre los historiales y las sesiones que presentan alumnos y exalumnos. \u00a0 Los pr\u00f3ximos viernes 2 y s\u00e1bado 3 de junio, Centro\u2026<\/p>\n","protected":false},"author":4,"featured_media":9888,"comment_status":"closed","ping_status":"closed","sticky":false,"template":"","format":"standard","meta":[],"categories":[1420],"tags":[20,19,2,70,21,311],"blocksy_meta":"","_links":{"self":[{"href":"https:\/\/www.centroeleia.edu.mx\/blog\/wp-json\/wp\/v2\/posts\/9838"}],"collection":[{"href":"https:\/\/www.centroeleia.edu.mx\/blog\/wp-json\/wp\/v2\/posts"}],"about":[{"href":"https:\/\/www.centroeleia.edu.mx\/blog\/wp-json\/wp\/v2\/types\/post"}],"author":[{"embeddable":true,"href":"https:\/\/www.centroeleia.edu.mx\/blog\/wp-json\/wp\/v2\/users\/4"}],"replies":[{"embeddable":true,"href":"https:\/\/www.centroeleia.edu.mx\/blog\/wp-json\/wp\/v2\/comments?post=9838"}],"version-history":[{"count":5,"href":"https:\/\/www.centroeleia.edu.mx\/blog\/wp-json\/wp\/v2\/posts\/9838\/revisions"}],"predecessor-version":[{"id":10975,"href":"https:\/\/www.centroeleia.edu.mx\/blog\/wp-json\/wp\/v2\/posts\/9838\/revisions\/10975"}],"wp:featuredmedia":[{"embeddable":true,"href":"https:\/\/www.centroeleia.edu.mx\/blog\/wp-json\/wp\/v2\/media\/9888"}],"wp:attachment":[{"href":"https:\/\/www.centroeleia.edu.mx\/blog\/wp-json\/wp\/v2\/media?parent=9838"}],"wp:term":[{"taxonomy":"category","embeddable":true,"href":"https:\/\/www.centroeleia.edu.mx\/blog\/wp-json\/wp\/v2\/categories?post=9838"},{"taxonomy":"post_tag","embeddable":true,"href":"https:\/\/www.centroeleia.edu.mx\/blog\/wp-json\/wp\/v2\/tags?post=9838"}],"curies":[{"name":"wp","href":"https:\/\/api.w.org\/{rel}","templated":true}]}}