{"id":9646,"date":"2023-01-03T17:53:34","date_gmt":"2023-01-03T17:53:34","guid":{"rendered":"https:\/\/www.centroeleia.edu.mx\/blog\/?p=9646"},"modified":"2023-03-10T20:27:25","modified_gmt":"2023-03-11T02:27:25","slug":"por-que-el-psicoanalisis-no-solo-trabaja-los-sintomas","status":"publish","type":"post","link":"https:\/\/www.centroeleia.edu.mx\/blog\/por-que-el-psicoanalisis-no-solo-trabaja-los-sintomas\/","title":{"rendered":"\u00bfPor qu\u00e9 el psicoan\u00e1lisis no solo trabaja los s\u00edntomas?"},"content":{"rendered":"\n<p>Por Crist\u00f3bal Barud<\/p>\n<p>Los inicios del m\u00e9todo psicoanal\u00edtico estuvieron marcados por la atenci\u00f3n de s\u00edntomas neur\u00f3ticos en pacientes hist\u00e9ricas, aquejadas por par\u00e1lisis extra\u00f1as u otras afecciones corporales, como cegueras inexplicables neurol\u00f3gicamente o dolores no dependientes de una lesi\u00f3n. Mediante su agudeza, Sigmund Freud fue capaz de comprender la ra\u00edz de dichos malestares, vincul\u00e1ndolos con ciertas dificultades ps\u00edquicas en torno a la sexualidad infantil reprimida. En un principio, el inter\u00e9s de la pr\u00e1ctica cl\u00ednica se centr\u00f3 en su eliminaci\u00f3n, ya que las primeras teor\u00edas ofrecieron un marco f\u00e9rtil para escuchar y tratar a los pacientes como no se hab\u00eda hecho en la psiquiatr\u00eda hasta el momento.<\/p>\n<p>Posteriormente, el descubrimiento de la transferencia, a trav\u00e9s del caso Dora, orill\u00f3 a Freud a observar c\u00f3mo el m\u00e9todo no solo deb\u00eda hacer consciente lo inconsciente, respecto al sentido de los s\u00edntomas, sino comprender la personalidad en su conjunto. Mediante las vicisitudes de este caso paradigm\u00e1tico, que termin\u00f3 de forma abrupta, como producto de los conflictos infantiles depositados en la figura del terapeuta (los cuales tambi\u00e9n son parte del car\u00e1cter), Freud comenz\u00f3 a pensar en la eliminaci\u00f3n de s\u00edntomas como, quiz\u00e1, un proceso secundario a la comprensi\u00f3n de la historia y fantas\u00edas del paciente.<\/p>\n<p>Los s\u00edntomas neur\u00f3ticos, es decir, las manifestaciones de sufrimiento escandalosas con las que trabaja el psicoan\u00e1lisis, en realidad, son formaciones destinadas a eliminar tensiones emocionales, y si se trabaja solo su comprensi\u00f3n o, incluso, su eliminaci\u00f3n mediante estrategias represivas (como convencer, persuadir, etc\u00e9tera), se corre el riesgo de que el s\u00edntoma se desplace a otro lugar, bajo una forma distinta. Esto se puede observar en las fobias infantiles que, cuando se trabajan mediante la represi\u00f3n, la distracci\u00f3n o el convencimiento, tienden a desplazarse hacia otro est\u00edmulo, de modo que el conflicto subyacente contin\u00faa existiendo. Asimismo, si se trabajara psicoanal\u00edticamente en la traducci\u00f3n puntual de los elementos de la fobia de un ni\u00f1o, es probable que el trabajo quedar\u00eda incompleto, ya que se obviar\u00eda toda la trama personal y las fantas\u00edas implicadas en dicho s\u00edntoma, las cuales son la verdadera causa de angustia en el menor.<\/p>\n<p>En el historial freudiano del peque\u00f1o Hans, un ni\u00f1o aquejado por la fobia a los caballos, se observa con claridad c\u00f3mo la orientaci\u00f3n de Freud, respecto del trabajo cl\u00ednico con el ni\u00f1o, se decanta por describir el complejo mundo de fantas\u00edas y conflictos en torno al amor de sus padres, y no necesariamente por describir con puntualidad los elementos del s\u00edntoma, a la manera de los relatos de <em>Estudios sobre la histeria<\/em>. Dado que el inconsciente busca siempre la satisfacci\u00f3n de los deseos, atacar directo a la fobia o cualquier otro s\u00edntoma no hace nada por admitir dichos deseos en la consciencia, perpetuando la mudanza y transformaci\u00f3n de s\u00edntomas sin un alivio o comprensi\u00f3n reales.<\/p>\n<p>Sin embargo, la migraci\u00f3n hacia el trabajo con los rasgos de car\u00e1cter ofrece diversos retos terap\u00e9uticos. Mientras que los s\u00edntomas neur\u00f3ticos provocan sufrimiento, dada su caracter\u00edstica escandalosa e incapacitante, los rasgos de car\u00e1cter son silenciosos en cuanto al malestar provocado, no as\u00ed en cuanto a su capacidad de minar la salud o de rigidizar la vida. El problema con el rasgo de car\u00e1cter reside en su consonancia con la conciencia, pues surge de la misma fuente de un s\u00edntoma neur\u00f3tico, a saber: la necesidad de desahogar tensiones internas inconciliables para el sujeto. En contraparte, las resistencias frente a su desmontaje son siempre m\u00e1s intensas que al trabajar solo sobre los s\u00edntomas.<\/p>\n<p>Actualmente, los pacientes consultan menos a causa de sus s\u00edntomas y m\u00e1s por dificultades de car\u00e1cter, muchas veces encubiertas tras malestares vagos y persistentes. Con frecuencia, el paciente suele colocarse en una posici\u00f3n de sufrimiento, ignorando la responsabilidad y el papel propio en ello. En el psicoan\u00e1lisis contempor\u00e1neo, la fluidez del car\u00e1cter suele formar parte importante del proceso, ya que su rigidez surge de un aparato ps\u00edquico que dif\u00edcilmente puede tolerar o admitir, de manera consciente, los conflictos y tensiones que conducen a su empleo como estrategia para lidiar con la riqueza de la fantas\u00eda inconsciente. La idea actual, surgida tambi\u00e9n de los postulados de Freud en <em>An\u00e1lisis terminable e interminable<\/em>, es que la pr\u00e1ctica anal\u00edtica se asienta en el fortalecimiento del yo como instancia observadora: no mediante estrategias represivas, sino mediante la admisi\u00f3n y tolerancia de las complejidades y pasiones del mundo interno.<\/p>\n<p>\u00a0<\/p>\n<p><strong>\u00a0<\/strong><\/p>\n<p>\u00a0<\/p>\n<p>\u00a0\u00a0\u00a0\u00a0\u00a0\u00a0\u00a0\u00a0\u00a0\u00a0\u00a0<\/p>\n<p>\u00a0<\/p>\n<p>\u00a0<\/p>\n<p>\u00a0<\/p>\n<p>\u00a0<\/p>\n<p>\u00a0<\/p>\n<p>\u00a0<\/p>\n<p>\u00a0<\/p>\n<p>\u00a0<\/p>\n<p>\u00a0<\/p>\n<p>\u00a0<\/p>\n<p>\u00a0<\/p>\n<p>\u00a0<\/p>\n<p>\u00a0<\/p>\n<p>\u00a0<\/p>\n<p>\u00a0<\/p>\n<p>\u00a0<\/p>\n","protected":false},"excerpt":{"rendered":"<p>Por Crist\u00f3bal Barud Los inicios del m\u00e9todo psicoanal\u00edtico estuvieron marcados por la atenci\u00f3n de s\u00edntomas neur\u00f3ticos en pacientes hist\u00e9ricas, aquejadas por par\u00e1lisis extra\u00f1as u otras afecciones corporales, como cegueras inexplicables neurol\u00f3gicamente o dolores no dependientes de una lesi\u00f3n. Mediante su agudeza, Sigmund Freud fue capaz de comprender la ra\u00edz de dichos malestares, vincul\u00e1ndolos con ciertas dificultades ps\u00edquicas en torno a la sexualidad infantil reprimida. En un principio, el inter\u00e9s de la pr\u00e1ctica cl\u00ednica se centr\u00f3 en su eliminaci\u00f3n, ya que las primeras teor\u00edas ofrecieron un marco f\u00e9rtil para escuchar y tratar a los pacientes como no se hab\u00eda hecho en\u2026<\/p>\n","protected":false},"author":4,"featured_media":9799,"comment_status":"closed","ping_status":"closed","sticky":false,"template":"","format":"standard","meta":[],"categories":[1420],"tags":[21,311],"blocksy_meta":"","_links":{"self":[{"href":"https:\/\/www.centroeleia.edu.mx\/blog\/wp-json\/wp\/v2\/posts\/9646"}],"collection":[{"href":"https:\/\/www.centroeleia.edu.mx\/blog\/wp-json\/wp\/v2\/posts"}],"about":[{"href":"https:\/\/www.centroeleia.edu.mx\/blog\/wp-json\/wp\/v2\/types\/post"}],"author":[{"embeddable":true,"href":"https:\/\/www.centroeleia.edu.mx\/blog\/wp-json\/wp\/v2\/users\/4"}],"replies":[{"embeddable":true,"href":"https:\/\/www.centroeleia.edu.mx\/blog\/wp-json\/wp\/v2\/comments?post=9646"}],"version-history":[{"count":4,"href":"https:\/\/www.centroeleia.edu.mx\/blog\/wp-json\/wp\/v2\/posts\/9646\/revisions"}],"predecessor-version":[{"id":10081,"href":"https:\/\/www.centroeleia.edu.mx\/blog\/wp-json\/wp\/v2\/posts\/9646\/revisions\/10081"}],"wp:featuredmedia":[{"embeddable":true,"href":"https:\/\/www.centroeleia.edu.mx\/blog\/wp-json\/wp\/v2\/media\/9799"}],"wp:attachment":[{"href":"https:\/\/www.centroeleia.edu.mx\/blog\/wp-json\/wp\/v2\/media?parent=9646"}],"wp:term":[{"taxonomy":"category","embeddable":true,"href":"https:\/\/www.centroeleia.edu.mx\/blog\/wp-json\/wp\/v2\/categories?post=9646"},{"taxonomy":"post_tag","embeddable":true,"href":"https:\/\/www.centroeleia.edu.mx\/blog\/wp-json\/wp\/v2\/tags?post=9646"}],"curies":[{"name":"wp","href":"https:\/\/api.w.org\/{rel}","templated":true}]}}