{"id":8358,"date":"2022-03-01T19:57:06","date_gmt":"2022-03-01T19:57:06","guid":{"rendered":"https:\/\/www.centroeleia.edu.mx\/blog\/?p=8358"},"modified":"2023-03-14T14:26:11","modified_gmt":"2023-03-14T20:26:11","slug":"el-gabinete-del-doctor-caligari-ficcion-fantasia-o-realidad","status":"publish","type":"post","link":"https:\/\/www.centroeleia.edu.mx\/blog\/el-gabinete-del-doctor-caligari-ficcion-fantasia-o-realidad\/","title":{"rendered":"El gabinete del doctor Caligari, \u00bfficci\u00f3n, fantas\u00eda o realidad?"},"content":{"rendered":"\n<p>Por Ana Livier Govea Leal<\/p>\n<p>\u00a0<\/p>\n<p>El a\u00f1o 2020 nos trajo, entre muchas otras cosas, el centenario de una de las pel\u00edculas m\u00e1s influyentes e ic\u00f3nicas en la historia del s\u00e9ptimo arte. Es quiz\u00e1 una de las m\u00e1s importantes del expresionismo alem\u00e1n. A cien a\u00f1os de su nacimiento, \u2018El gabinete del doctor Caligari\u2019 sigue ofreci\u00e9ndonos \u2014desde el cine silente\u2014 un horror que es tanto deleitable como vigente.<\/p>\n<p>Este filme cuenta la historia de un hipnotista de apariencia extra\u00f1a y extravagante, el doctor <em>Caligari<\/em> (protagonizado por Werner Krauss), quien haciendo uso de sus dotes manipula al son\u00e1mbulo <em>C\u00e9sare<\/em> (encarnado por el fenomenal Conrad Veidt), quien conoce el destino, predice la muerte y, en aparente consecuencia, obedece ciegamente los mandatos de su amo. Y es que quedamos at\u00f3nitos frente a lo que atestiguan nuestros ojos: En un jard\u00edn apartado, el joven Francis (Frederich Fher) le cuenta a otro personaje las historias terror\u00edficas que lo han traumatizado. La peque\u00f1a ciudad de Holstenwall recibe la visita del Dr. Caligari y C\u00e9sare profetiza muertes que luego se confirmar\u00e1n. M\u00e1s tarde, Francis se encuentra internado en un hospital psiqui\u00e1trico. \u00bfQu\u00e9 fue lo que pas\u00f3? \u00bfEs esto un sue\u00f1o, una pesadilla, una ficci\u00f3n o una fantas\u00eda?<\/p>\n<p>\u2018El gabinete del doctor Caligari\u2019 es una historia s\u00f3rdida y ominosa que se confabula con el clima de la posguerra para ofrecer al espectador una experiencia indudablemente inquietante. Una pel\u00edcula de culto que no envejece. En adici\u00f3n a las m\u00faltiples lecturas de la pel\u00edcula, la menci\u00f3n expl\u00edcita por primera vez en el cine de la figura del psiquiatra y, por consiguiente, de la psiquiatr\u00eda es un tema relevante.<\/p>\n<p>El expresionismo alem\u00e1n hace referencia a un movimiento art\u00edstico que influy\u00f3 de forma significativa en la pintura, la arquitectura, la m\u00fasica y el cine. Incidi\u00f3 en este \u00faltimo en los g\u00e9neros del cine negro y de terror. Este estilo surgi\u00f3 a partir de los embates y las heridas de la Primera Guerra Mundial, por lo tanto, el pesimismo junto con las atm\u00f3sferas siniestras y simb\u00f3licas son algunas de las caracter\u00edsticas que los distinguen.<\/p>\n<p>Como una de las pel\u00edculas m\u00e1s ic\u00f3nicas de ese movimiento, algunos versados y conocedores en la materia la separan del expresionismo alem\u00e1n para colocarla en una sola y exclusiva categor\u00eda: el <em>caligarismo. <\/em>Dirigida por Robert Wiene, \u201cDas Cabinet des Dr. Caligari\u201d (1920) es sin duda una joya cinematogr\u00e1fica digna de admirar. El espectador quedar\u00e1 perplejo frente a la duda \u00bfes esto fantas\u00eda, ficci\u00f3n o realidad?<\/p>\n<p>En el <a href=\"https:\/\/centroeleia.edu.mx\/curso-psicoanalisis-literatura-y-cine\">curso \u00abPsicoan\u00e1lisis, literatura y cine\u00bb<\/a>, entenderemos el modo en que el cine, la literatura y el psicoan\u00e1lisis se complementan, al ofrecernos sus perspectivas particulares en torno a la expresi\u00f3n de los conflictos entre la raz\u00f3n y la locura, y la civilizaci\u00f3n y la barbarie. \u00a1Inscr\u00edbete!<\/p>\n<p>Referencias<\/p>\n<p>El\u00edas, M. (2020). Terror psicol\u00f3gico y terror pol\u00edtico: centenario de El gabinete del doctor Caligari, 2020. <em>Casa del tiempo UAM. Revista UAM, <\/em>2, 24-27. <u>casa_del_tiempo_eV_num_62_24_27.pdf (uam.<\/u><u>mx<\/u><u>)<\/u><\/p>\n<p>Kemp, P. (2017). <em>Cinema. The Whole Story<\/em>. Editorial Blume.<\/p>\n<p>\u00a0<\/p>\n","protected":false},"excerpt":{"rendered":"<p>Por Ana Livier Govea Leal \u00a0 El a\u00f1o 2020 nos trajo, entre muchas otras cosas, el centenario de una de las pel\u00edculas m\u00e1s influyentes e ic\u00f3nicas en la historia del s\u00e9ptimo arte. Es quiz\u00e1 una de las m\u00e1s importantes del expresionismo alem\u00e1n. A cien a\u00f1os de su nacimiento, \u2018El gabinete del doctor Caligari\u2019 sigue ofreci\u00e9ndonos \u2014desde el cine silente\u2014 un horror que es tanto deleitable como vigente. Este filme cuenta la historia de un hipnotista de apariencia extra\u00f1a y extravagante, el doctor Caligari (protagonizado por Werner Krauss), quien haciendo uso de sus dotes manipula al son\u00e1mbulo C\u00e9sare (encarnado por el\u2026<\/p>\n","protected":false},"author":4,"featured_media":8429,"comment_status":"closed","ping_status":"closed","sticky":false,"template":"","format":"standard","meta":[],"categories":[1421,1420],"tags":[1526,311],"blocksy_meta":"","_links":{"self":[{"href":"https:\/\/www.centroeleia.edu.mx\/blog\/wp-json\/wp\/v2\/posts\/8358"}],"collection":[{"href":"https:\/\/www.centroeleia.edu.mx\/blog\/wp-json\/wp\/v2\/posts"}],"about":[{"href":"https:\/\/www.centroeleia.edu.mx\/blog\/wp-json\/wp\/v2\/types\/post"}],"author":[{"embeddable":true,"href":"https:\/\/www.centroeleia.edu.mx\/blog\/wp-json\/wp\/v2\/users\/4"}],"replies":[{"embeddable":true,"href":"https:\/\/www.centroeleia.edu.mx\/blog\/wp-json\/wp\/v2\/comments?post=8358"}],"version-history":[{"count":2,"href":"https:\/\/www.centroeleia.edu.mx\/blog\/wp-json\/wp\/v2\/posts\/8358\/revisions"}],"predecessor-version":[{"id":10194,"href":"https:\/\/www.centroeleia.edu.mx\/blog\/wp-json\/wp\/v2\/posts\/8358\/revisions\/10194"}],"wp:featuredmedia":[{"embeddable":true,"href":"https:\/\/www.centroeleia.edu.mx\/blog\/wp-json\/wp\/v2\/media\/8429"}],"wp:attachment":[{"href":"https:\/\/www.centroeleia.edu.mx\/blog\/wp-json\/wp\/v2\/media?parent=8358"}],"wp:term":[{"taxonomy":"category","embeddable":true,"href":"https:\/\/www.centroeleia.edu.mx\/blog\/wp-json\/wp\/v2\/categories?post=8358"},{"taxonomy":"post_tag","embeddable":true,"href":"https:\/\/www.centroeleia.edu.mx\/blog\/wp-json\/wp\/v2\/tags?post=8358"}],"curies":[{"name":"wp","href":"https:\/\/api.w.org\/{rel}","templated":true}]}}