{"id":8347,"date":"2022-02-25T02:38:58","date_gmt":"2022-02-25T02:38:58","guid":{"rendered":"https:\/\/www.centroeleia.edu.mx\/blog\/?p=8347"},"modified":"2023-03-14T14:27:53","modified_gmt":"2023-03-14T20:27:53","slug":"atencion-psicologica-en-mexico","status":"publish","type":"post","link":"https:\/\/www.centroeleia.edu.mx\/blog\/atencion-psicologica-en-mexico\/","title":{"rendered":"Atenci\u00f3n psicol\u00f3gica en M\u00e9xico"},"content":{"rendered":"\n<p>Por Laura De La Torre<\/p>\n<p>\u00a0<\/p>\n<p>A M\u00e9xico se le caracteriza por su gastronom\u00eda, sus paisajes y la forma de ser de la gente. Dentro de este estereotipo, se resalta lo bonachones, el ambiente c\u00e1lido que nos distingue de otras nacionalidades, as\u00ed como la capacidad de improvisaci\u00f3n que tenemos, que si bien, en algunos momentos nos salva de situaciones inesperadas, no las soluciona. \u00a0Es por ello que la prevenci\u00f3n o el mantenimiento de aspectos de la salud mental es dejado de lado por parte de personas que pueden ser \u201cfuncionales\u201d, o en las que las dificultades no son muy problem\u00e1ticas, y no se atienden hasta que el problema es muy grave. No estamos acostumbrados a prevenir o planificar,\u00a0 mucho menos las cosas que no se ven concretamente, como sucede con las dolencias psiquicas. Medina-Mora y Borges publicaron en Cambridge University Press un art\u00edculo que trata sobre c\u00f3mo los trastornos mentales son bastante comunes en la poblaci\u00f3n mexicana, aunque los trastornos mentales severos no lo son tanto. El art\u00edculo subraya c\u00f3mo las y los mexicanos no utilizan los servicios de salud mental que existen. \u00bfSer\u00e1n tan comunes la ansiedad, la depresi\u00f3n y otros trastornos, que los hemos normalizado? Pareciera que a los psic\u00f3logos, psicoterapeutas y especialistas dedicados a la salud mental nos toca se\u00f1alar estos aspectos o \u00e1reas para que puedan atenderse.<\/p>\n<p>\u00a0<\/p>\n<p>En esta l\u00ednea, si se realiza una b\u00fasqueda r\u00e1pida en la secci\u00f3n de salud mental del INEGI, los datos que arroja est\u00e1n organizados en cuatro tablas: en la primera se observa una gr\u00e1fica sobre los suicidios registrados en M\u00e9xico desde 1994 hasta el 2020, en la cual se muestra un ascenso constante y alarmante. Las otras tres tablas contienen los datos sobre la incidencia de suicidio por estados, integrantes del hogar de 12 a\u00f1os o m\u00e1s con sentimientos de depresi\u00f3n y la frecuencia de estos s\u00edntomas. Estos datos ponen sobre la mesa el gran reto que los profesionales de la salud tenemos, pues debemos abrirnos paso en un pa\u00eds donde culturalmente no se est\u00e1 acostumbrado a la atenci\u00f3n psicol\u00f3gica y se piensa que \u201ceso\u201d pasa a ser un lujo o un gasto extra. Centro ELEIA busca abrir un espacio para romper estos mitos y as\u00ed poder atender a las personas que est\u00e9n interesadas en su salud mental. Desde que abri\u00f3 sus puertas, ha recibido poco m\u00e1s de 40,000 pacientes (y contando). El beneficio no es solo para los usuarios de la atenci\u00f3n terap\u00e9utica individual con orientaci\u00f3n psicoanal\u00edtica \u2015para ni\u00f1os, adolescentes o adultos\u2015, que adem\u00e1s tambi\u00e9n cuenta con otros servicios como el di\u00e1gnostico, orientaci\u00f3n sobre temas relacionados a la salud mental y la referencia a otras instituciones especializadas en la salud; tambi\u00e9n es para los terapeutas en formaci\u00f3n, los cuales tienen la responsabilidad de dar un tratamiento terap\u00e9utico u orientaci\u00f3n psicol\u00f3gica de la m\u00e1s alta calidad, acompa\u00f1ados por profesores en clases te\u00f3ricas o supervisiones a lo largo de la maestr\u00eda. De esta forma, se estimula la creaci\u00f3n de redes que ayuden a sostener y promover la salud mental, pues al atender a un paciente en el consultorio se puede observar, a lo largo del proceso, la evoluci\u00f3n de sus relaciones interpersonales, laborales y su andar en el mundo.<\/p>\n<p>\u00a0<\/p>\n<p>Referencias<\/p>\n<p>Berenzon, S., Lara, M. A., Robles, R., &amp; Medina-Mora, M. E. (2013). Depresi\u00f3n: Estado del conocimiento y la necesidad de pol\u00edticas p\u00fablicas y planes de acci\u00f3n en M\u00e9xico.\u00a0<em>Salud P\u00fablica de M\u00e9xico<\/em>,\u00a0<em>55<\/em>(1), 74-80. Recuperado en 25 de agosto de 2021, de http:\/\/www.scielo.org.mx\/scielo.php?script=sci_arttext&amp;pid=S0036-36342013000100011&amp;lng=es&amp;tlng=es.<\/p>\n<p>\u00a0<\/p>\n<p>Medina-Mora, M., Borges, G., Lara, C., Benjet, C., Blanco, J., Fleiz, C., Zambrano, J. (2005). Prevalence, Service Use, and Demographic Correlates of 12-month DSM-IV Psychiatric Disorders in Mexico: Results from the Mexican National Comorbidity Survey.\u00a0<em>Psychological Medicine,<\/em>\u00a0<em>35<\/em>(12), 1773-1783. doi:10.1017\/S0033291705005672<\/p>\n<p>\u00a0<\/p>\n","protected":false},"excerpt":{"rendered":"<p>Por Laura De La Torre \u00a0 A M\u00e9xico se le caracteriza por su gastronom\u00eda, sus paisajes y la forma de ser de la gente. Dentro de este estereotipo, se resalta lo bonachones, el ambiente c\u00e1lido que nos distingue de otras nacionalidades, as\u00ed como la capacidad de improvisaci\u00f3n que tenemos, que si bien, en algunos momentos nos salva de situaciones inesperadas, no las soluciona. \u00a0Es por ello que la prevenci\u00f3n o el mantenimiento de aspectos de la salud mental es dejado de lado por parte de personas que pueden ser \u201cfuncionales\u201d, o en las que las dificultades no son muy problem\u00e1ticas,\u2026<\/p>\n","protected":false},"author":4,"featured_media":8407,"comment_status":"closed","ping_status":"closed","sticky":false,"template":"","format":"standard","meta":[],"categories":[1419,1420],"tags":[70,21],"blocksy_meta":"","_links":{"self":[{"href":"https:\/\/www.centroeleia.edu.mx\/blog\/wp-json\/wp\/v2\/posts\/8347"}],"collection":[{"href":"https:\/\/www.centroeleia.edu.mx\/blog\/wp-json\/wp\/v2\/posts"}],"about":[{"href":"https:\/\/www.centroeleia.edu.mx\/blog\/wp-json\/wp\/v2\/types\/post"}],"author":[{"embeddable":true,"href":"https:\/\/www.centroeleia.edu.mx\/blog\/wp-json\/wp\/v2\/users\/4"}],"replies":[{"embeddable":true,"href":"https:\/\/www.centroeleia.edu.mx\/blog\/wp-json\/wp\/v2\/comments?post=8347"}],"version-history":[{"count":4,"href":"https:\/\/www.centroeleia.edu.mx\/blog\/wp-json\/wp\/v2\/posts\/8347\/revisions"}],"predecessor-version":[{"id":10198,"href":"https:\/\/www.centroeleia.edu.mx\/blog\/wp-json\/wp\/v2\/posts\/8347\/revisions\/10198"}],"wp:featuredmedia":[{"embeddable":true,"href":"https:\/\/www.centroeleia.edu.mx\/blog\/wp-json\/wp\/v2\/media\/8407"}],"wp:attachment":[{"href":"https:\/\/www.centroeleia.edu.mx\/blog\/wp-json\/wp\/v2\/media?parent=8347"}],"wp:term":[{"taxonomy":"category","embeddable":true,"href":"https:\/\/www.centroeleia.edu.mx\/blog\/wp-json\/wp\/v2\/categories?post=8347"},{"taxonomy":"post_tag","embeddable":true,"href":"https:\/\/www.centroeleia.edu.mx\/blog\/wp-json\/wp\/v2\/tags?post=8347"}],"curies":[{"name":"wp","href":"https:\/\/api.w.org\/{rel}","templated":true}]}}