{"id":8087,"date":"2021-12-15T22:55:47","date_gmt":"2021-12-15T22:55:47","guid":{"rendered":"https:\/\/www.centroeleia.edu.mx\/blog\/?p=8087"},"modified":"2023-03-14T15:21:04","modified_gmt":"2023-03-14T21:21:04","slug":"como-comenzar-mi-practica-clinica-como-psicoterapeuta","status":"publish","type":"post","link":"https:\/\/www.centroeleia.edu.mx\/blog\/como-comenzar-mi-practica-clinica-como-psicoterapeuta\/","title":{"rendered":"\u00bfC\u00f3mo comenzar mi pr\u00e1ctica cl\u00ednica como psicoterapeuta?"},"content":{"rendered":"\n<p>Por Magaly V\u00e1zquez<\/p>\n<p>\u00a0<\/p>\n<p>Es innegable que este cuestionamiento se encuentra en la mente de todos los que comenzamos nuestra formaci\u00f3n como psicoterapeutas. Dicho de otra forma, \u00bfc\u00f3mo llegan los primeros pacientes? En mi caso, recuerdo que era algo que me preocupaba mucho cuando tom\u00e9 la decisi\u00f3n de dedicarme a la atenci\u00f3n psicoterap\u00e9utica a pacientes.<\/p>\n<p>\u00a0<\/p>\n<p>Al buscar instituciones acad\u00e9micas y acercarme a Centro Eleia, lo que m\u00e1s llam\u00f3 mi atenci\u00f3n, adem\u00e1s del programa te\u00f3rico, fue la posibilidad de atender pacientes desde la mitad de la maestr\u00eda, a trav\u00e9s de un servicio de atenci\u00f3n terap\u00e9utica comunitaria, coordinada y dirigida por la misma instituci\u00f3n. Este servicio permite que, tanto las personas que lo solicitan como los psicoterapeutas en formaci\u00f3n se beneficien enormemente.<\/p>\n<p>\u00a0<\/p>\n<p>Por un lado, la experiencia cl\u00ednica es uno de los ejes en los cuales se sostiene esta profesi\u00f3n, junto con el estudio y el propio an\u00e1lisis. Por lo tanto, comenzar a atender pacientes permite poner en pr\u00e1ctica los conceptos te\u00f3ricos que se revisan y se estudian en cada materia a lo largo de los semestres. De esta forma, hay un verdadero aprendizaje, aquel que es permeado por la experiencia humana de encontrarse frente a una persona que busca el alivio de su malestar emocional y la comprensi\u00f3n de su mente. Aunado a ello, uno se encuentra respaldado por el conocimiento y la valiosa experiencia, tanto de profesores como de supervisores, quienes monitorean cada caso.<\/p>\n<p>\u00a0<\/p>\n<p>En lo personal, considero que es una gran oportunidad para aprender y entrenarse en aspectos fundamentales que conlleva atender pacientes \u2014m\u00e1s all\u00e1 de los libros y las teor\u00edas\u2014 como la responsabilidad, la \u00e9tica, el compromiso, la calidez humana, y el c\u00f3mo llevar a cabo las primeras entrevistas, la elaboraci\u00f3n de un diagn\u00f3stico para determinar si somos los profesionales adecuados para ayudar a la persona en cuesti\u00f3n o si conviene que se acerque a otro tipo de instituci\u00f3n, la forma de interpretar los conflictos del paciente, entre otros.<\/p>\n<p>\u00a0<\/p>\n<p>Por otro lado, sabemos que muchas personas no tienen las posibilidades econ\u00f3micas para sostener un tratamiento psicoterap\u00e9utico. Esto, muchas veces, provoca que no se atiendan o que se atiendan con individuos que no son profesionales de la salud mental. La atenci\u00f3n psicol\u00f3gica que ofrece Centro Eleia pone al alcance un servicio de primer nivel y, si la persona lo requiere, una canalizaci\u00f3n adecuada, respaldada tanto por los psicoterapeutas en formaci\u00f3n, como por quienes trabajan tras bambalinas: terapeutas experimentados que fungen como coordinadores y supervisores. Gracias a este servicio, muchas personas han mejorado su salud mental, por lo tanto, sus vidas, que no es poco si pensamos en las estad\u00edsticas actuales que muestran que los trastornos mentales, sobre todo la depresi\u00f3n y la ansiedad, van a la alza.<\/p>\n<p>\u00a0<\/p>\n<p>Recuerdo el caso de mi primer paciente: una ni\u00f1a de ocho a\u00f1os que lleg\u00f3 a consulta por problemas de conducta en la escuela. Su mam\u00e1 era soltera y no recib\u00eda apoyo del pap\u00e1 de su hija. Se acercaron a la atenci\u00f3n comunitaria de Centro Eleia y la refirieron conmigo. Fue gracias al trabajo con esta paciente que descubr\u00ed mi gusto e inter\u00e9s por trabajar con ni\u00f1os y la satisfacci\u00f3n que implica el poder ayudarlos con su malestar. Asimismo, tuve la oportunidad de formar una relaci\u00f3n cercana con la escuela, quienes m\u00e1s adelante me refirieron otros casos con los cuales trabajar.<\/p>\n<p>\u00a0<\/p>\n","protected":false},"excerpt":{"rendered":"<p>Por Magaly V\u00e1zquez \u00a0 Es innegable que este cuestionamiento se encuentra en la mente de todos los que comenzamos nuestra formaci\u00f3n como psicoterapeutas. Dicho de otra forma, \u00bfc\u00f3mo llegan los primeros pacientes? En mi caso, recuerdo que era algo que me preocupaba mucho cuando tom\u00e9 la decisi\u00f3n de dedicarme a la atenci\u00f3n psicoterap\u00e9utica a pacientes. \u00a0 Al buscar instituciones acad\u00e9micas y acercarme a Centro Eleia, lo que m\u00e1s llam\u00f3 mi atenci\u00f3n, adem\u00e1s del programa te\u00f3rico, fue la posibilidad de atender pacientes desde la mitad de la maestr\u00eda, a trav\u00e9s de un servicio de atenci\u00f3n terap\u00e9utica comunitaria, coordinada y dirigida por\u2026<\/p>\n","protected":false},"author":4,"featured_media":8118,"comment_status":"closed","ping_status":"closed","sticky":false,"template":"","format":"standard","meta":[],"categories":[1420],"tags":[2,21],"blocksy_meta":"","_links":{"self":[{"href":"https:\/\/www.centroeleia.edu.mx\/blog\/wp-json\/wp\/v2\/posts\/8087"}],"collection":[{"href":"https:\/\/www.centroeleia.edu.mx\/blog\/wp-json\/wp\/v2\/posts"}],"about":[{"href":"https:\/\/www.centroeleia.edu.mx\/blog\/wp-json\/wp\/v2\/types\/post"}],"author":[{"embeddable":true,"href":"https:\/\/www.centroeleia.edu.mx\/blog\/wp-json\/wp\/v2\/users\/4"}],"replies":[{"embeddable":true,"href":"https:\/\/www.centroeleia.edu.mx\/blog\/wp-json\/wp\/v2\/comments?post=8087"}],"version-history":[{"count":4,"href":"https:\/\/www.centroeleia.edu.mx\/blog\/wp-json\/wp\/v2\/posts\/8087\/revisions"}],"predecessor-version":[{"id":10226,"href":"https:\/\/www.centroeleia.edu.mx\/blog\/wp-json\/wp\/v2\/posts\/8087\/revisions\/10226"}],"wp:featuredmedia":[{"embeddable":true,"href":"https:\/\/www.centroeleia.edu.mx\/blog\/wp-json\/wp\/v2\/media\/8118"}],"wp:attachment":[{"href":"https:\/\/www.centroeleia.edu.mx\/blog\/wp-json\/wp\/v2\/media?parent=8087"}],"wp:term":[{"taxonomy":"category","embeddable":true,"href":"https:\/\/www.centroeleia.edu.mx\/blog\/wp-json\/wp\/v2\/categories?post=8087"},{"taxonomy":"post_tag","embeddable":true,"href":"https:\/\/www.centroeleia.edu.mx\/blog\/wp-json\/wp\/v2\/tags?post=8087"}],"curies":[{"name":"wp","href":"https:\/\/api.w.org\/{rel}","templated":true}]}}