{"id":7266,"date":"2021-06-28T22:39:07","date_gmt":"2021-06-28T22:39:07","guid":{"rendered":"https:\/\/www.centroeleia.edu.mx\/blog\/?p=7266"},"modified":"2023-03-14T15:49:10","modified_gmt":"2023-03-14T21:49:10","slug":"el-adolescente-y-sus-padres","status":"publish","type":"post","link":"https:\/\/www.centroeleia.edu.mx\/blog\/el-adolescente-y-sus-padres\/","title":{"rendered":"El adolescente y sus padres"},"content":{"rendered":"\n<p>Por Sara Fasja<\/p>\n<p>\u00a0<\/p>\n<p>La parentalidad despliega funciones que se van transformando a lo largo de la vida. Con el transcurso de los d\u00edas, meses y a\u00f1os, los hijos van cambiando y pasando por distintas etapas. Cada una presenta, tanto en el hijo como en los padres, particularidades que van modulando el v\u00ednculo que mantienen.<\/p>\n<p>En el caso de la adolescencia, se desarrolla un momento de crisis que implica una serie de cambios biol\u00f3gicos, ps\u00edquicos y sociales. Mientras el adolescente tramita esta etapa, los padres (quienes son sus acompa\u00f1antes a lo largo del ciclo vital) tambi\u00e9n experimentan dichos cambios desde su rol, pues se enfrentan con grandes sentimientos de exclusi\u00f3n, desvalorizaci\u00f3n, devaluaci\u00f3n y p\u00e9rdida del control, caracter\u00edsticos de este nuevo v\u00ednculo. Se llegan a sentir desplazados de la vida de sus hijos e inconsistentes en su funci\u00f3n, como si se les fueran de las manos: no los reconocen, no los escuchan y los confrontan, lo que les genera frustraci\u00f3n, enojo, confusi\u00f3n y tristeza. Por ende, les es dif\u00edcil ver que sus hijos tambi\u00e9n los quieren, valoran y necesitan m\u00e1s que en cualquier otra etapa.<\/p>\n<p>Para Donald Meltzer, los adolescentes enfrentan una oscilaci\u00f3n entre volver a ser ni\u00f1o en la familia, ser uno m\u00e1s entre los otros adolescentes, ser un miembro del mundo adulto o estar aislado. Todo lo anterior produce grandes confusiones asociadas con la identidad. En esta etapa, dejan de ser los ni\u00f1os que idealizaban a los padres, quienes eran vistos como superh\u00e9roes, para pasar a confrontarlos, devaluarlos y distanciarse de ellos. Esto les permite entrar en un proceso de diferenciaci\u00f3n que los llevar\u00e1 a conformarse como sujetos independientes.<\/p>\n<p>A pesar de que los padres sientan que lo que m\u00e1s desea el hijo es apartarlos, es importante mantener su presencia, dando la contenci\u00f3n y libertad necesarias al establecer l\u00edmites consistentes. Es fundamental entender que el hijo est\u00e1 distanci\u00e1ndose, pero no lo est\u00e1n perdiendo. El rol de los padres debe ser acompa\u00f1ar \u00a0al joven en la construcci\u00f3n de su identidad.<\/p>\n<p>Arminda Aberastury plante\u00f3 <strong>la adolescencia como la necesidad de elaborar tres duelos b\u00e1sicos<\/strong>: el <strong>duelo por la p\u00e9rdida del cuerpo infantil<\/strong>, el <strong>duelo por la p\u00e9rdida de la identidad y el rol infantiles<\/strong> y el <strong>duelo por la p\u00e9rdida de los padres de la infancia<\/strong>. Ana Barrios Musto propone pensar estos duelos en relaci\u00f3n con la vivencia de los padres.<\/p>\n<p>El duelo que ellos tienen ante la p\u00e9rdida del cuerpo infantil de su hijo implica que, mientras que \u00e9l va transformando su cuerpo, los padres se enfrentan a los cambios del envejecimiento, perdiendo la juventud y vitalidad que comienzan a tomar lugar en su hijo, con el pasaje a la adolescencia. Esto despierta emociones agudas en ellos, donde un signo de salud ser\u00eda el poder disfrutar y compartir, junto con el adolescente, su crecimiento y belleza.<\/p>\n<p>El duelo por los hijos que dejaron de ser ni\u00f1os despierta dolor: ya no son esos peque\u00f1os que los cre\u00edan superpoderosos y a los que, de alguna manera, pod\u00edan controlar; ahora, se han transformado en j\u00f3venes rebeldes que exigen, que se sienten autosuficientes y que est\u00e1n fuera de control.<\/p>\n<p>En el duelo por la p\u00e9rdida de su rol, pronto aprenden que las herramientas que utilizaban antes ya no les sirven m\u00e1s, pues el adolescente ya no los deja acercarse de la misma manera: los desvaloriza y descalifica, cuestionando constantemente sus opiniones y actos, devalu\u00e1ndolos al buscar otras formas de hacer las cosas que catalogan como mejores. En la actualidad, esto se ha intensificado con el acceso al mundo virtual, donde los j\u00f3venes sienten que tienen informaci\u00f3n valiosa que los padres no entienden. Aqu\u00ed, muchos se sienten perdidos y no saben c\u00f3mo acercarse, pasando de ser muy autoritarios a ser demasiado permisivos y sinti\u00e9ndose rebasados.<\/p>\n<p>Es importante elaborar los duelos caracter\u00edsticos de esta etapa y mantener el v\u00ednculo con los hijos para brindarles contenci\u00f3n, seguridad, l\u00edmites y afecto. Todo lo anterior representa un gran reto, sobre todo en la actualidad, donde existe una gran diversidad de expresiones de g\u00e9nero, orientaciones sexuales y modelos de familia que antes no se ve\u00edan. Estos cambios complejizan el proceso de reordenamiento identificatorio.<\/p>\n<p>A lo anterior, se suma que la parentalidad se encuentra influenciada por la individualidad de cada uno, es decir, por las propias experiencias vividas. El desempe\u00f1o de nuestra funci\u00f3n como padres depende de este engranaje, lo que genera un bagaje de experiencias y conflictos que despiertan nuestro inter\u00e9s y nos hacen cuestionar cu\u00e1les son aquellos aspectos esenciales que har\u00e1n a unos padres lo suficientemente buenos.<\/p>\n<p>\u00a0<\/p>\n<p><strong>Referencias:<\/strong><\/p>\n<p>Barrios Musto, A. (2009). Trabajo con padres en psicoterapia de adolescentes en el momento actual.\u00a0<em>Revista de Psicoterapia Psicoanal\u00edtica, 7<\/em>(3), pp. 57\u201376. <a href=\"https:\/\/pesquisa.bvsalud.org\/bivipsil\/resource\/es\/psa-10931\">https:\/\/pesquisa.bvsalud.org\/bivipsil\/resource\/es\/psa-10931<\/a><\/p>\n<p>\u00a0<\/p>\n<p>Aberastury, A. y Knobel, M. (1988).\u00a0<em>La adolescencia normal.<\/em>\u00a0Paid\u00f3s.<\/p>\n<p>\u00a0<\/p>\n<p>Meltzer, D. y Harris, M. (1998).\u00a0<em>Adolescentes<\/em>. Spatia.<\/p>\n","protected":false},"excerpt":{"rendered":"<p>Por Sara Fasja \u00a0 La parentalidad despliega funciones que se van transformando a lo largo de la vida. Con el transcurso de los d\u00edas, meses y a\u00f1os, los hijos van cambiando y pasando por distintas etapas. Cada una presenta, tanto en el hijo como en los padres, particularidades que van modulando el v\u00ednculo que mantienen. En el caso de la adolescencia, se desarrolla un momento de crisis que implica una serie de cambios biol\u00f3gicos, ps\u00edquicos y sociales. Mientras el adolescente tramita esta etapa, los padres (quienes son sus acompa\u00f1antes a lo largo del ciclo vital) tambi\u00e9n experimentan dichos cambios desde\u2026<\/p>\n","protected":false},"author":4,"featured_media":8049,"comment_status":"closed","ping_status":"closed","sticky":false,"template":"","format":"standard","meta":[],"categories":[1420],"tags":[80,76,11,16,1034,2,21],"blocksy_meta":"","_links":{"self":[{"href":"https:\/\/www.centroeleia.edu.mx\/blog\/wp-json\/wp\/v2\/posts\/7266"}],"collection":[{"href":"https:\/\/www.centroeleia.edu.mx\/blog\/wp-json\/wp\/v2\/posts"}],"about":[{"href":"https:\/\/www.centroeleia.edu.mx\/blog\/wp-json\/wp\/v2\/types\/post"}],"author":[{"embeddable":true,"href":"https:\/\/www.centroeleia.edu.mx\/blog\/wp-json\/wp\/v2\/users\/4"}],"replies":[{"embeddable":true,"href":"https:\/\/www.centroeleia.edu.mx\/blog\/wp-json\/wp\/v2\/comments?post=7266"}],"version-history":[{"count":8,"href":"https:\/\/www.centroeleia.edu.mx\/blog\/wp-json\/wp\/v2\/posts\/7266\/revisions"}],"predecessor-version":[{"id":10275,"href":"https:\/\/www.centroeleia.edu.mx\/blog\/wp-json\/wp\/v2\/posts\/7266\/revisions\/10275"}],"wp:featuredmedia":[{"embeddable":true,"href":"https:\/\/www.centroeleia.edu.mx\/blog\/wp-json\/wp\/v2\/media\/8049"}],"wp:attachment":[{"href":"https:\/\/www.centroeleia.edu.mx\/blog\/wp-json\/wp\/v2\/media?parent=7266"}],"wp:term":[{"taxonomy":"category","embeddable":true,"href":"https:\/\/www.centroeleia.edu.mx\/blog\/wp-json\/wp\/v2\/categories?post=7266"},{"taxonomy":"post_tag","embeddable":true,"href":"https:\/\/www.centroeleia.edu.mx\/blog\/wp-json\/wp\/v2\/tags?post=7266"}],"curies":[{"name":"wp","href":"https:\/\/api.w.org\/{rel}","templated":true}]}}