{"id":7182,"date":"2021-05-22T07:00:00","date_gmt":"2021-05-22T07:00:00","guid":{"rendered":"https:\/\/www.centroeleia.edu.mx\/blog\/?p=7182"},"modified":"2023-02-28T19:20:44","modified_gmt":"2023-02-28T19:20:44","slug":"podcast-trauma-y-construccion-del-pensamiento","status":"publish","type":"post","link":"https:\/\/www.centroeleia.edu.mx\/blog\/podcast-trauma-y-construccion-del-pensamiento\/","title":{"rendered":"Podcast. Trauma y construcci\u00f3n del pensamiento"},"content":{"rendered":"\n<p>Te invitamos a escuchar este podcast a cargo de la doctora Gabriela Card\u00f3s, docente de Centro Eleia y quien forma parte del comit\u00e9 organizador de las Jornadas Cl\u00ednicas 2021. En este podcast la doctora Gabriela Card\u00f3s, nos explica de manera sencilla y clara qu\u00e9 es lo traum\u00e1tico y sus manifestaciones. Adem\u00e1s, nos comparte c\u00f3mo se construyen los recursos de un individuo para formar las representaciones mentales y tramitar lo traum\u00e1tico. Este material es parte de los preparativos de las Jornadas Cl\u00ednicas 2021. No se lo pierdan.<\/p>\n<p><iframe loading=\"lazy\" title=\"Trauma y construcci\u00f3n del pensamiento. Jornadas 2021. Gabriela Card\u00f3s. by Centro Eleia\" width=\"1290\" height=\"400\" scrolling=\"no\" frameborder=\"no\" src=\"https:\/\/w.soundcloud.com\/player\/?visual=true&#038;url=https%3A%2F%2Fapi.soundcloud.com%2Ftracks%2F1048987792&#038;show_artwork=true&#038;maxheight=1000&#038;maxwidth=1290&#038;secret_token=s-vD7018updqe\"><\/iframe><\/p>\n","protected":false},"excerpt":{"rendered":"<p>Te invitamos a escuchar este podcast a cargo de la doctora Gabriela Card\u00f3s, docente de Centro Eleia y quien forma parte del comit\u00e9 organizador de las Jornadas Cl\u00ednicas 2021. En este podcast la doctora Gabriela Card\u00f3s, nos explica de manera sencilla y clara qu\u00e9 es lo traum\u00e1tico y sus manifestaciones. Adem\u00e1s, nos comparte c\u00f3mo se construyen los recursos de un individuo para formar las representaciones mentales y tramitar lo traum\u00e1tico. Este material es parte de los preparativos de las Jornadas Cl\u00ednicas 2021. No se lo pierdan.<\/p>\n","protected":false},"author":4,"featured_media":7074,"comment_status":"closed","ping_status":"closed","sticky":false,"template":"","format":"standard","meta":[],"categories":[1425,1420],"tags":[11,16,1034,2,21,268],"blocksy_meta":"","_links":{"self":[{"href":"https:\/\/www.centroeleia.edu.mx\/blog\/wp-json\/wp\/v2\/posts\/7182"}],"collection":[{"href":"https:\/\/www.centroeleia.edu.mx\/blog\/wp-json\/wp\/v2\/posts"}],"about":[{"href":"https:\/\/www.centroeleia.edu.mx\/blog\/wp-json\/wp\/v2\/types\/post"}],"author":[{"embeddable":true,"href":"https:\/\/www.centroeleia.edu.mx\/blog\/wp-json\/wp\/v2\/users\/4"}],"replies":[{"embeddable":true,"href":"https:\/\/www.centroeleia.edu.mx\/blog\/wp-json\/wp\/v2\/comments?post=7182"}],"version-history":[{"count":1,"href":"https:\/\/www.centroeleia.edu.mx\/blog\/wp-json\/wp\/v2\/posts\/7182\/revisions"}],"predecessor-version":[{"id":7184,"href":"https:\/\/www.centroeleia.edu.mx\/blog\/wp-json\/wp\/v2\/posts\/7182\/revisions\/7184"}],"wp:featuredmedia":[{"embeddable":true,"href":"https:\/\/www.centroeleia.edu.mx\/blog\/wp-json\/wp\/v2\/media\/7074"}],"wp:attachment":[{"href":"https:\/\/www.centroeleia.edu.mx\/blog\/wp-json\/wp\/v2\/media?parent=7182"}],"wp:term":[{"taxonomy":"category","embeddable":true,"href":"https:\/\/www.centroeleia.edu.mx\/blog\/wp-json\/wp\/v2\/categories?post=7182"},{"taxonomy":"post_tag","embeddable":true,"href":"https:\/\/www.centroeleia.edu.mx\/blog\/wp-json\/wp\/v2\/tags?post=7182"}],"curies":[{"name":"wp","href":"https:\/\/api.w.org\/{rel}","templated":true}]}}