{"id":6723,"date":"2021-01-19T22:03:21","date_gmt":"2021-01-19T22:03:21","guid":{"rendered":"https:\/\/www.centroeleia.edu.mx\/blog\/?p=6723"},"modified":"2023-03-16T15:02:55","modified_gmt":"2023-03-16T21:02:55","slug":"sobre-las-afecciones-somaticas-en-la-infancia","status":"publish","type":"post","link":"https:\/\/www.centroeleia.edu.mx\/blog\/sobre-las-afecciones-somaticas-en-la-infancia\/","title":{"rendered":"Sobre las afecciones som\u00e1ticas en la infancia"},"content":{"rendered":"\n<p style=\"text-align: right\">Por Alma Toledo<\/p>\n<p>El trabajo cl\u00ednico con ni\u00f1os es un terreno fecundo para la investigaci\u00f3n. El psicoan\u00e1lisis surge del trabajo con pacientes adultos y es m\u00e1s tarde que gracias a Melanie Klein y Anna Freud se construye como un m\u00e9todo sistematizado.<\/p>\n<p>Muchos peque\u00f1os con dificultades de diferente orden presentan en su historia o en el lapso del trabajo anal\u00edtico afecciones som\u00e1ticas de muy diversa \u00edndole y, en algunos casos, enfermedades irreversibles. Observamos que en ciertos pacientes hay dificultades para poder llevar a cabo un juego simb\u00f3lico. Abordar el problema desde la significaci\u00f3n de los s\u00edntomas, de acuerdo con la tradici\u00f3n freudiana de hacer consciente lo inconsciente, es parte del trabajo, pero no es suficiente. \u00a0<\/p>\n<p>Los aportes de importantes psicoanalistas como Sami-Ali, Joyce McDougall y Andre\u00e9 Green, entre otros, advierten sobre la importancia de pensar en los vac\u00edos, en lo que no se ha construido ps\u00edquicamente, en las conexiones que faltan para poder ser expresadas, por ejemplo, en el juego. Muchos de estos infantes presentan un funcionamiento mec\u00e1nico, como si aprendieran solo por imitaci\u00f3n o indicaci\u00f3n m\u00e9dica. Las modalidades de intervenci\u00f3n y de interpretaci\u00f3n en estos casos representan un reto para el trabajo terap\u00e9utico.<\/p>\n<p>Cada vez con mayor frecuencia recibo casos de peque\u00f1os con importantes problemas de insomnio, asma, obesidad, dermatitis, alergias. Preguntarse por ciertas modalidades vinculares al interior de la familia es un eje importante de comprensi\u00f3n de estos fen\u00f3menos. El trabajo alrededor del cuerpo en el an\u00e1lisis infantil es central, pues cuando los ni\u00f1os est\u00e1n imposibilitados para expresar simb\u00f3licamente sus conflictos, aumenta el riesgo de descargar som\u00e1ticamente y, consecuentement, de enfermedades f\u00edsicas.<\/p>\n<p>\u00a0\u00a0\u00a0\u00a0\u00a0\u00a0\u00a0\u00a0\u00a0\u00a0\u00a0 La discriminaci\u00f3n de la patolog\u00eda en la infancia es un tema pol\u00e9mico. Aspectos tales como la inmadurez del ni\u00f1o, su dependencia, la influencia del desarrollo y los cambios que conlleva, la influencia del medio ambiente y, en particular, de la familia complejizan a\u00fan m\u00e1s el problema. La psicosom\u00e1tica crea inquietud, obedece a modelos de funcionamiento distintos a los que se presentan en las neurosis y es a partir de ello que diversos autores se ocupan de conceptualizar las fallas en la estructuraci\u00f3n simb\u00f3lica, el tipo de v\u00ednculo, el uso de defensas primitivas, la presencia de ansiedades de tipo catastr\u00f3fico y por supuesto la impactante escisi\u00f3n entre los registros corporales y los ps\u00edquicos.<\/p>\n<p>En el #DiplomadoEleia \u201cPsicosom\u00e1tica. Perspectivas te\u00f3ricas y enfoques cl\u00ednicos\u201d estudiaremos a profundidad este complejo y apasionante tema con la ayuda de ejemplos cl\u00ednicos y de la mano de profesores expertos en la materia.<\/p>\n<p>\u00a0<\/p>\n<p>Bibliograf\u00eda<\/p>\n<p>\u00a0<\/p>\n<p>B\u00e9kei, M. (1984). <em>Trastornos psicosom\u00e1ticos en la ni\u00f1ez y adolescencia<\/em>. Buenos Aires: Nueva Visi\u00f3n.<\/p>\n<p>Leiberman, C. y Bleichmar, N. (2001). <em>Las perspectivas del psicoan\u00e1lisis<\/em>. M\u00e9xico: Paid\u00f3s.<\/p>\n<p>Lenarduzzi, H. (2005). <em>Entre biolog\u00eda y cultura: un estudio de la psicosom\u00e1tica en la infancia y la adolescencia<\/em>. Buenos Aires: Biblos.<\/p>\n<p>Mc Dougall, J. (1989). <em>Teatros del cuerpo<\/em>. Par\u00eds: Juli\u00e1n Y\u00e9benes.<\/p>\n<p>Winnicott, D. (1964). La enfermedad psico-som\u00e1tica en sus aspectos positivos y negativos. <em>Revista Uruguaya de Psicoan\u00e1lisis<\/em>, 61, 11-22.<\/p>\n<p>\u00a0<\/p>\n<h4><strong>Art\u00edculo del <a href=\"https:\/\/www.centroeleia.edu.mx\/diplomado-psicosomatica-perspectivas-teoricas-enfoques-clinicos\">Diplomado Psicosom\u00e1tica. Perspectivas te\u00f3ricas y enfoques cl\u00ednicos <\/a><\/strong>que inicia el 27 de mayo de 2021<\/h4>\n<h2>\u00a0<\/h2>\n<p>\u00a0<\/p>\n<p>\u00a0<\/p>\n","protected":false},"excerpt":{"rendered":"<p>Por Alma Toledo El trabajo cl\u00ednico con ni\u00f1os es un terreno fecundo para la investigaci\u00f3n. El psicoan\u00e1lisis surge del trabajo con pacientes adultos y es m\u00e1s tarde que gracias a Melanie Klein y Anna Freud se construye como un m\u00e9todo sistematizado. Muchos peque\u00f1os con dificultades de diferente orden presentan en su historia o en el lapso del trabajo anal\u00edtico afecciones som\u00e1ticas de muy diversa \u00edndole y, en algunos casos, enfermedades irreversibles. Observamos que en ciertos pacientes hay dificultades para poder llevar a cabo un juego simb\u00f3lico. Abordar el problema desde la significaci\u00f3n de los s\u00edntomas, de acuerdo con la tradici\u00f3n\u2026<\/p>\n","protected":false},"author":4,"featured_media":6804,"comment_status":"closed","ping_status":"closed","sticky":false,"template":"","format":"standard","meta":[],"categories":[1420],"tags":[67,41,38,103,47],"blocksy_meta":"","_links":{"self":[{"href":"https:\/\/www.centroeleia.edu.mx\/blog\/wp-json\/wp\/v2\/posts\/6723"}],"collection":[{"href":"https:\/\/www.centroeleia.edu.mx\/blog\/wp-json\/wp\/v2\/posts"}],"about":[{"href":"https:\/\/www.centroeleia.edu.mx\/blog\/wp-json\/wp\/v2\/types\/post"}],"author":[{"embeddable":true,"href":"https:\/\/www.centroeleia.edu.mx\/blog\/wp-json\/wp\/v2\/users\/4"}],"replies":[{"embeddable":true,"href":"https:\/\/www.centroeleia.edu.mx\/blog\/wp-json\/wp\/v2\/comments?post=6723"}],"version-history":[{"count":8,"href":"https:\/\/www.centroeleia.edu.mx\/blog\/wp-json\/wp\/v2\/posts\/6723\/revisions"}],"predecessor-version":[{"id":10423,"href":"https:\/\/www.centroeleia.edu.mx\/blog\/wp-json\/wp\/v2\/posts\/6723\/revisions\/10423"}],"wp:featuredmedia":[{"embeddable":true,"href":"https:\/\/www.centroeleia.edu.mx\/blog\/wp-json\/wp\/v2\/media\/6804"}],"wp:attachment":[{"href":"https:\/\/www.centroeleia.edu.mx\/blog\/wp-json\/wp\/v2\/media?parent=6723"}],"wp:term":[{"taxonomy":"category","embeddable":true,"href":"https:\/\/www.centroeleia.edu.mx\/blog\/wp-json\/wp\/v2\/categories?post=6723"},{"taxonomy":"post_tag","embeddable":true,"href":"https:\/\/www.centroeleia.edu.mx\/blog\/wp-json\/wp\/v2\/tags?post=6723"}],"curies":[{"name":"wp","href":"https:\/\/api.w.org\/{rel}","templated":true}]}}