{"id":6653,"date":"2021-01-05T22:14:59","date_gmt":"2021-01-05T22:14:59","guid":{"rendered":"https:\/\/www.centroeleia.edu.mx\/blog\/?p=6653"},"modified":"2023-02-28T23:47:59","modified_gmt":"2023-02-28T23:47:59","slug":"nuevas-adquisiciones-2021","status":"publish","type":"post","link":"https:\/\/www.centroeleia.edu.mx\/blog\/nuevas-adquisiciones-2021\/","title":{"rendered":"Nuevas adquisiciones bibliogr\u00e1ficas 2021"},"content":{"rendered":"\n<p><strong>Noviembre<\/strong><\/p>\n<p><a href=\"https:\/\/www.centroeleia.edu.mx\/blog\/wp-content\/uploads\/2021\/01\/Enduring-Loss.jpg\"><img decoding=\"async\" loading=\"lazy\" class=\"size-medium wp-image-7927 aligncenter\" src=\"https:\/\/www.centroeleia.edu.mx\/blog\/wp-content\/uploads\/2021\/01\/Enduring-Loss-207x300.jpg\" alt=\"\" width=\"207\" height=\"300\" srcset=\"https:\/\/www.centroeleia.edu.mx\/blog\/wp-content\/uploads\/2021\/01\/Enduring-Loss-207x300.jpg 207w, https:\/\/www.centroeleia.edu.mx\/blog\/wp-content\/uploads\/2021\/01\/Enduring-Loss.jpg 350w\" sizes=\"(max-width: 207px) 100vw, 207px\" \/><\/a><\/p>\n<p><strong>Libro: <\/strong>McGinley, E. y Varchevker, A. (Eds.). (2010). <em>Enduring Loss: Mourning, Depression and Narcissism Throughout the Life Cycle<\/em>. Londres: Routledge.<\/p>\n<p>Este libro se conforma por una selecci\u00f3n de trabajos presentados inicialmente como una serie de conferencias organizadas por el Foro Psicoanal\u00edtico de la Sociedad Psicoanal\u00edtica Brit\u00e1nica, cuyo objetivo era volver a visitar los art\u00edculos clave de Freud \u201cSobre el narcisismo\u201d (1914) y \u201cDuelo y melancol\u00eda\u201d (1917), y analizar c\u00f3mo se utilizan en el pensamiento actual sobre las diferentes etapas de la vida. Los aportes de reconocidos cl\u00ednicos y te\u00f3ricos en sus respectivos campos capturan ciertos temas importantes que se articularon con dos alicientes principales en mente: en primer lugar, considerar que el duelo, la depresi\u00f3n y el narcisismo constituyen el tejido b\u00e1sico de la teorizaci\u00f3n psicoanal\u00edtica. En segundo lugar, la centralidad de estos conceptos no s\u00f3lo ilustra una forma particular de entender el funcionamiento ps\u00edquico, sino que, al ubicarlos en diferentes etapas del desarrollo individual, ofrece una perspectiva m\u00e1s amplia, m\u00e1s efectiva y en ocasiones diferente.<\/p>\n<p>\u00cdndice<\/p>\n<p>Introducci\u00f3n. Arturo Varchevker<\/p>\n<p>PRIMERA PARTE: INFANCIA<\/p>\n<p>CAP\u00cdTULO UNO<\/p>\n<p>Melancol\u00eda y duelo en la infancia y la adolescencia. Algunas reflexiones sobre el papel del objeto interno. Anne Alvarez<\/p>\n<p>CAP\u00cdTULO DOS<\/p>\n<p>El ni\u00f1o perdido: \u00bfDe qui\u00e9n es el rostro en el espejo? Maria Rhode<\/p>\n<p>SEGUNDA PARTE: ADOLESCENCIA<\/p>\n<p>CAP\u00cdTULO TRES<\/p>\n<p>Morir para vivir: el duelo, la melancol\u00eda y el proceso de la adolescencia. Caroline Palmear<\/p>\n<p>CAP\u00cdTULO CUATRO<\/p>\n<p>Narcisismo, \u00bfun trastorno adolescente? Margot Waddell<\/p>\n<p>CAP\u00cdTULO CINCO<\/p>\n<p>Enfrentarse o alejarse del narcisismo destructivo. Denis Flynn and Helga Skostad<\/p>\n<p>TERCERA PARTE: ADULTEZ<\/p>\n<p>CAP\u00cdTULO SEIS<\/p>\n<p>Luto o melancol\u00eda, \u00bfqu\u00e9 tiene que ver el amor con eso? Eileen McGinley<\/p>\n<p>CAP\u00cdTULO SIETE<\/p>\n<p>Reconsiderando el narcisismo desde una visi\u00f3n psicoanal\u00edtica compleja y contempor\u00e1nea. Stefano Bolognini<\/p>\n<p>CAP\u00cdTULO OCHO<\/p>\n<p>Una forma deshumanizante de prejuicio como parte de una organizaci\u00f3n patol\u00f3gica narcisista. Sally Weintrobe<\/p>\n<p>CUARTA PARTE: VEJEZ<\/p>\n<p>CAP\u00cdTULO NUEVE<\/p>\n<p>El duelo en los a\u00f1os finales: perspectivas de desarrollo. Arturo Varchevker<\/p>\n<p>CAP\u00cdTULO DIEZ<\/p>\n<p>Su majestad el ego: El narcisismo tr\u00e1gico del \u201carrastre hacia la muerte\u201d del Rey Lear. Ken Robinson<\/p>\n<p>QUINTA PARTE: CULTURA<\/p>\n<p>CAP\u00cdTULO ONCE<\/p>\n<p>Estados de narcisismo. Margaret y Michael Rustin<\/p>\n<p>&nbsp;<\/p>\n<p><a href=\"https:\/\/www.centroeleia.edu.mx\/blog\/wp-content\/uploads\/2021\/01\/Lacanian-Psychoanalysis.jpg\"><img decoding=\"async\" loading=\"lazy\" class=\"size-medium wp-image-7928 aligncenter\" src=\"https:\/\/www.centroeleia.edu.mx\/blog\/wp-content\/uploads\/2021\/01\/Lacanian-Psychoanalysis-200x300.jpg\" alt=\"\" width=\"200\" height=\"300\" srcset=\"https:\/\/www.centroeleia.edu.mx\/blog\/wp-content\/uploads\/2021\/01\/Lacanian-Psychoanalysis-200x300.jpg 200w, https:\/\/www.centroeleia.edu.mx\/blog\/wp-content\/uploads\/2021\/01\/Lacanian-Psychoanalysis.jpg 350w\" sizes=\"(max-width: 200px) 100vw, 200px\" \/><\/a><\/p>\n<p><strong>Libro:<\/strong> Busiol, D. (Ed.). (2021). <em>Lacanian Psychoanalysis in Practice: Insights from Fourteen Psychoanalysts<\/em>. Londres: Routledge<\/p>\n<p>En este libro, catorce psicoanalistas lacanianos de Italia y Francia presentan c\u00f3mo escuchan y comprenden las cuestiones cl\u00ednicas, y c\u00f3mo operan en sesi\u00f3n. M\u00e1s que una \u201cintroducci\u00f3n a Lacan\u201d te\u00f3rica, este libro surge de cuestiones cl\u00ednicas, est\u00e1 escrito por psicoanalistas en ejercicio y no s\u00f3lo presenta conceptos te\u00f3ricos, sino tambi\u00e9n su uso en la pr\u00e1ctica.<\/p>\n<p>La escucha psicoanal\u00edtica es el leitmotiv de este texto: \u00bfc\u00f3mo y qu\u00e9 escucha un psicoanalista? \u00bfC\u00f3mo escuchar eficazmente y as\u00ed comprender algo del inconsciente? Adem\u00e1s, examina la evoluci\u00f3n de los s\u00edntomas ps\u00edquicos desde los \u201cEstudios sobre la histeria\u201d de Freud hasta la actualidad, y c\u00f3mo ha cambiado el trabajo cl\u00ednico. Introduce las diferencias entre los discursos \u2018cl\u00e1sicos\u2019 y los s\u00edntomas \u2018modernos\u2019, y destaca algunas cuestiones transversales. Los cap\u00edtulos incluyen histeria, discurso obsesivo y fobia, paranoia, trastorno de p\u00e1nico, anorexia, bulimia, atracones y obesidad, depresiones, adicciones, casos l\u00edmite, la relaci\u00f3n con la madre, perversi\u00f3n, cl\u00ednica del vac\u00edo y celos.<\/p>\n<p>A pesar de poseer la misma referencia te\u00f3rica de Sigmund Freud y Jacques Lacan, los colaboradores de esta obra pertenecen a diferentes asociaciones y grupos, y cada uno aporta varios ejemplos tomados de su propia pr\u00e1ctica. <em>Lacanian Psychoanalysis in Practice<\/em> ser\u00e1 de gran inter\u00e9s para psicoanalistas, psicoterapeutas, estudiantes y acad\u00e9micos de la comunidad psicoanal\u00edtica internacional.<\/p>\n<p>\u00cdndice<\/p>\n<p>Introducci\u00f3n. Diego Busiol<\/p>\n<p>Primera parte<\/p>\n<p>1. La evoluci\u00f3n de los s\u00edntomas ps\u00edquicos desde los \u201cEstudios sobre la histeria\u201d de Freud hasta la actualidad. Diego Busiol<\/p>\n<p>2. C\u00f3mo escuchar en an\u00e1lisis. Diego Busiol<\/p>\n<p>3. Deseo y disfrute en el psicoan\u00e1lisis. Diego Busiol<\/p>\n<p>4. La escucha, la precisi\u00f3n ling\u00fc\u00edstica, la intervenci\u00f3n. Giancarlo Calciolari<\/p>\n<p>5. Cronolog\u00eda de Lacan en Italia y nuevos desarrollos del psicoan\u00e1lisis en Italia. Diego Busiol<\/p>\n<p>Los colaboradores de este libro<\/p>\n<p>Segunda Parte: Los discursos cl\u00e1sicos<\/p>\n<p>6. Con Freud y Lacan: histeria, anorexia\/bulimia y otras cuestiones cl\u00ednicas contempor\u00e1neas. Jean-Luc Cacciali<\/p>\n<p>Entrevista con Charles Melman<\/p>\n<p>7. De la fobia al discurso obsesivo. Gabriele Lodari<\/p>\n<p>8. Leyendo a Freud con Lacan. Breve ensayo sobre la paranoia. O c\u00f3mo liberarse, en los albores del tercer milenio, de una narraci\u00f3n imposible. Fabrizio Gambini<\/p>\n<p>Entrevista con Fabrizio Gambini<\/p>\n<p>Tercera Parte: S\u00edntomas modernos<\/p>\n<p>9. El p\u00e1nico como fen\u00f3meno de la modernidad. Marco Focchi<\/p>\n<p>10. Anorexia, bulimia, atracones y obesidad. Una entrevista a Domenico Cosenza. Domenico Cosenza and Diego Busiol<\/p>\n<p>11. Depresiones. Franco Lolli<\/p>\n<p>12. Adicciones: Toxicoman\u00eda y otras. Jean-Louis Chassaing<\/p>\n<p>13. Estados l\u00edmite o <em>borderline<\/em>. Jean-Louis Chassaing<\/p>\n<p>Cuarta Parte: Preguntas transversales<\/p>\n<p>14. La relaci\u00f3n con la madre. Renata Miletto<\/p>\n<p>15. Escuchar la perversi\u00f3n. Sergio Benvenuto<\/p>\n<p>Entrevista con Sergio Benvenuto<\/p>\n<p>16. Cl\u00ednica del vac\u00edo. Una entrevista a Massimo Recalcati. Massimo Recalcati<\/p>\n<p>17. Buenos y malos encuentros con los celos. Paule Cacciali<\/p>\n<p>&nbsp;<\/p>\n<p><strong>Octubre<\/strong><\/p>\n<p><a href=\"https:\/\/www.centroeleia.edu.mx\/blog\/wp-content\/uploads\/2021\/01\/Experiencing-the-Body.jpg\"><img decoding=\"async\" loading=\"lazy\" class=\"size-medium wp-image-7745 aligncenter\" src=\"https:\/\/www.centroeleia.edu.mx\/blog\/wp-content\/uploads\/2021\/01\/Experiencing-the-Body-198x300.jpg\" alt=\"\" width=\"198\" height=\"300\" srcset=\"https:\/\/www.centroeleia.edu.mx\/blog\/wp-content\/uploads\/2021\/01\/Experiencing-the-Body-198x300.jpg 198w, https:\/\/www.centroeleia.edu.mx\/blog\/wp-content\/uploads\/2021\/01\/Experiencing-the-Body.jpg 350w\" sizes=\"(max-width: 198px) 100vw, 198px\" \/><\/a><\/p>\n<p><strong>Libro: <\/strong>Press, J. (ed.). (2019). <em>Experiencing the Body: A Psychoanalytic Dialogue on Psychosomatics<\/em>. Routledge.<\/p>\n<p>Este libro ofrece una variedad de perspectivas sobre las enfermedades som\u00e1ticas, destacando los puntos clave de convergencia y diferencia entre una diversidad de perspectivas psicoanal\u00edticas, para encontrar una nueva comprensi\u00f3n de este importante tema.<\/p>\n<p>Incluye contribuciones de m\u00e9dicos experimentados y, en cada cap\u00edtulo, presenta contribuciones de dos autores que representan diferentes puntos de vista, previo a concluir con el comentario de un tercero. Ofrece discusiones sobre temas te\u00f3ricos clave, incluidos el impulso y los afectos, el papel del yo ideal y la funci\u00f3n de simbolizaci\u00f3n, pero tambi\u00e9n estudios de casos de pacientes som\u00e1ticos, que cubren temas relacionados con la depresi\u00f3n y el trauma, y exploran similitudes y diferencias entre som\u00e1ticos y pacientes <em>borderline<\/em>. Adem\u00e1s, se describen cuestiones clave del tratamiento, como la investigaci\u00f3n psicosom\u00e1tica y la cuesti\u00f3n de la transferencia y la contratransferencia.<\/p>\n<p>Resultado de un grupo de trabajo sobre psicosom\u00e1tica de la Federaci\u00f3n Psicoanal\u00edtica Europea, este libro \u00fanico no solo se pregunta si la enfermedad som\u00e1tica surge de un empobrecimiento de la psique o es principalmente una forma de comunicaci\u00f3n a trav\u00e9s o por el cuerpo, sino que tambi\u00e9n intenta ir m\u00e1s all\u00e1 de esto. oposici\u00f3n cl\u00e1sica. Atraer\u00e1 a cualquier psicoanalista o psicoterapeuta interesado en esta pol\u00e9mica y fascinante \u00e1rea.<\/p>\n<p>&nbsp;<\/p>\n<p>\u00cdndice<\/p>\n<p>&nbsp;<\/p>\n<p>Introducci\u00f3n<\/p>\n<p>Jacques Press<\/p>\n<p>&nbsp;<\/p>\n<p>Secci\u00f3n I: Dos casos<\/p>\n<p>Marina Perris-Myttas, Fotis Bobos<\/p>\n<p>&nbsp;<\/p>\n<p>Secci\u00f3n II: Cuadros cl\u00ednicos<\/p>\n<p>&nbsp;<\/p>\n<p>Cap\u00edtulo 1: Depresi\u00f3n y psicosom\u00e1tica<\/p>\n<p>Jacques Press, Nick Temple, Eva Schmid-Gloor<\/p>\n<p>&nbsp;<\/p>\n<p>Cap\u00edtulo 2: Trauma y sus efectos<\/p>\n<p>Fotis Bobos, J\u00f6rg Frommer, B\u00e9reng\u00e8re de Senarclens<\/p>\n<p>&nbsp;<\/p>\n<p>Cap\u00edtulo 3: Estados som\u00e1ticos y lim\u00edtrofes<\/p>\n<p>B\u00e9reng\u00e8re de Senarclens, Christian Seulin, Marina Perris-Myttas<\/p>\n<p>&nbsp;<\/p>\n<p>Secci\u00f3n III: Tratamiento<\/p>\n<p>&nbsp;<\/p>\n<p>Cap\u00edtulo 4: Investigaci\u00f3n y tratamiento psicosom\u00e1tico<\/p>\n<p>Eva Schmid-Gloor, Jacques Press, Christian Seulin<\/p>\n<p>&nbsp;<\/p>\n<p>Cap\u00edtulo 5: Transferencia y contratransferencia<\/p>\n<p>Marina Perris-Myttas, Eva Schmid-Gloor, Luigi Solano<\/p>\n<p>&nbsp;<\/p>\n<p>Secci\u00f3n IV: Cuestiones te\u00f3ricas<\/p>\n<p>&nbsp;<\/p>\n<p>Cap\u00edtulo 6: Impulsa y afecta<\/p>\n<p>Marina Perris-Myttas, Christian Seulin, J\u00f6rg Frommer<\/p>\n<p>&nbsp;<\/p>\n<p>Cap\u00edtulo 7: Yo ideal, ideal del yo y supery\u00f3<\/p>\n<p>B\u00e9reng\u00e8re de Senarclens, Nick Temple, Fotis Bobos<\/p>\n<p>&nbsp;<\/p>\n<p>Cap\u00edtulo 8: Simbolizaci\u00f3n<\/p>\n<p>Luigi Solano, Fotis Bobos, Nick Temple<\/p>\n<p>&nbsp;<\/p>\n<p>Cap\u00edtulo 9: Mecanismos de defensa y niveles de integraci\u00f3n<\/p>\n<p>Luigi Solano, J\u00f6rg Frommer, Jacques Press<\/p>\n<p>&nbsp;<\/p>\n<p>Conclusi\u00f3n<\/p>\n<p>Jacques Press<\/p>\n<p>&nbsp;<\/p>\n<p>&nbsp;<\/p>\n<p><a href=\"https:\/\/www.centroeleia.edu.mx\/blog\/wp-content\/uploads\/2021\/01\/Looking-into-later-Life.jpg\"><img decoding=\"async\" loading=\"lazy\" class=\"size-medium wp-image-7746 aligncenter\" src=\"https:\/\/www.centroeleia.edu.mx\/blog\/wp-content\/uploads\/2021\/01\/Looking-into-later-Life-193x300.jpg\" alt=\"\" width=\"193\" height=\"300\" srcset=\"https:\/\/www.centroeleia.edu.mx\/blog\/wp-content\/uploads\/2021\/01\/Looking-into-later-Life-193x300.jpg 193w, https:\/\/www.centroeleia.edu.mx\/blog\/wp-content\/uploads\/2021\/01\/Looking-into-later-Life.jpg 350w\" sizes=\"(max-width: 193px) 100vw, 193px\" \/><\/a><\/p>\n<p><strong>Libro: <\/strong>Davenhill, R. (2007). <em>Looking into later Life. A Psychoanalytic Approach to Depression and Dementia in Old Age<\/em>. Routledge.<\/p>\n<p>&nbsp;<\/p>\n<p>Este libro pertenece a una larga tradici\u00f3n en la Cl\u00ednica Tavistock de trabajo centrado en el bienestar mental y emocional de las personas mayores. Aplica el pensamiento psicoanal\u00edtico en \u00e1reas que generalmente han atra\u00eddo muy poca atenci\u00f3n sostenida a lo largo de los a\u00f1os.<\/p>\n<p>&nbsp;<\/p>\n<p>\u00cdndice<\/p>\n<p>Introducci\u00f3n<\/p>\n<p>Resumen: pasado y presente<\/p>\n<p>Desarrollos en el pensamiento psicoanal\u00edtico y en las actitudes y servicios terap\u00e9uticos<\/p>\n<p>Principalmente depresi\u00f3n<\/p>\n<p>La metapsicolog\u00eda de la depresi\u00f3n<\/p>\n<p>Evaluaci\u00f3n<\/p>\n<p>Psicoterapia individual<\/p>\n<p>Psicoterapia de pareja: \u00bfseparaci\u00f3n o separaci\u00f3n? Un relato del trabajo con una pareja que ingresa en la vida posterior.<\/p>\n<p>\u201cTr\u00e1gico-c\u00f3mico-hist\u00f3rico-pastoral\u201d: grupos y terapia de grupo en la tercera edad<\/p>\n<p>La experiencia de una enfermedad: la resurrecci\u00f3n de un an\u00e1lisis en el trabajo de recuperaci\u00f3n<\/p>\n<p>Observaci\u00f3n y consulta<\/p>\n<p>Observaci\u00f3n psicodin\u00e1mica y vejez<\/p>\n<p>Consulta en el trabajo<\/p>\n<p>Donde los \u00e1ngeles temen pisar: idealismo, desaliento e inhibici\u00f3n del pensamiento en la enfermer\u00eda hospitalaria<\/p>\n<p>Principalmente demencia<\/p>\n<p>Solo con\u00e9ctate: los v\u00ednculos entre la vida temprana y la posterior<\/p>\n<p>No hay tregua con las furias: cuestiones de contenci\u00f3n en la prestaci\u00f3n de cuidados a las personas con demencia y a quienes las cuidan<\/p>\n<p>Hechos, fenomenolog\u00eda y contribuciones psicoanal\u00edticas a la atenci\u00f3n de la demencia<\/p>\n<p>La cinta rosa<\/p>\n<p>Cuidar a un familiar con demencia: \u00bfqui\u00e9n es el que la sufre?<\/p>\n<p>Mi cerebro infiel: un viaje a la enfermedad de Alzheimer<\/p>\n<p>Transmitir la experiencia de la enfermedad de Alzheimer a trav\u00e9s del arte: las \u00faltimas pinturas de William Utermohlen<\/p>\n<p>&nbsp;<\/p>\n<p><a href=\"https:\/\/www.centroeleia.edu.mx\/blog\/wp-content\/uploads\/2021\/01\/Ghosts-in-the-Consulting-Room.jpg\"><img decoding=\"async\" loading=\"lazy\" class=\"size-medium wp-image-7747 aligncenter\" src=\"https:\/\/www.centroeleia.edu.mx\/blog\/wp-content\/uploads\/2021\/01\/Ghosts-in-the-Consulting-Room-199x300.jpg\" alt=\"\" width=\"199\" height=\"300\" srcset=\"https:\/\/www.centroeleia.edu.mx\/blog\/wp-content\/uploads\/2021\/01\/Ghosts-in-the-Consulting-Room-199x300.jpg 199w, https:\/\/www.centroeleia.edu.mx\/blog\/wp-content\/uploads\/2021\/01\/Ghosts-in-the-Consulting-Room.jpg 430w\" sizes=\"(max-width: 199px) 100vw, 199px\" \/><\/a><\/p>\n<p><strong>Libro: <\/strong>Harris, A., Kalb, M., y Klebanoff, S. (eds.). (2016). <em>Ghosts in the Consulting Room: Echoes of Trauma in Psychoanalysis<\/em>. Routledge.<\/p>\n<p>&nbsp;<\/p>\n<p>Este libro es el primero de dos vol\u00famenes que profundiza en los sentimientos abrumadores, a menudo incontrolables, relacionados con el duelo. Ofrece ejemplos cl\u00ednicos de personas que viven en un estado de liminalidad o melancol\u00eda continua. Los autores reflexionan en torno a los desaf\u00edos de aprender a avanzar y abrazar la vida a lo largo del tiempo, mientras reconocen, presencian y trabajan a trav\u00e9s de las cicatrices emocionales del pasado.<\/p>\n<p>Al reunir una colecci\u00f3n de art\u00edculos cl\u00ednicos y te\u00f3ricos, <em>Ghosts in the Consulting Room<\/em> presenta relatos de los efectos impredecibles del trauma que surgen dentro del trabajo cl\u00ednico, con frecuencia de manera inesperada, en formas que sorprenden tanto al paciente como al terapeuta. En el libro, distinguidos psicoanalistas examinan c\u00f3mo trabajar con una variedad de \u2018fantasmas\u2019, tal como se manifiestan en la transferencia y contratransferencia, en el trabajo con ni\u00f1os y adultos, en entornos institucionales e incluso en los mismos fundadores y fundamentos del campo del psicoan\u00e1lisis mismo. Exploran el dilema sobre c\u00f3mo procesar la p\u00e9rdida cuando es indescriptible e incognoscible, a menudo se manifiesta en el silencio o lagunas en el conocimiento y vive en extra\u00f1as relaciones con el tiempo y el espacio.<\/p>\n<p>Este libro ser\u00e1 de inter\u00e9s para psicoterapeutas y psicoanalistas, as\u00ed como para trabajadores sociales, terapeutas familiares, psic\u00f3logos y psiquiatras. Atraer\u00e1 a aquellos que se especializan en el duelo y el trauma y, en un nivel m\u00e1s amplio, a los soci\u00f3logos e historiadores interesados en comprender los medios para hacer frente a la p\u00e9rdida y el dolor tanto a nivel individual como a gran escala.<\/p>\n<p>&nbsp;<\/p>\n<p>\u00cdndice<\/p>\n<p>&nbsp;<\/p>\n<p>CL\u00cdNICA<\/p>\n<p>1. Siempre dese\u00e9 poder detener el tiempo \u00ab: una adolescente, un duelo sin resolver y la tercera encantada, Susan Klebanoff<\/p>\n<p>2. Intrusiones fantasmales: trauma no formulado y su transformaci\u00f3n en la d\u00edada terap\u00e9utica, Heather Ferguson<\/p>\n<p>3. Fiebre del viaje: trauma transgeneracional y testimonio en analista y analizando, Michael Feldman<\/p>\n<p>4. Sombras, fantasmas y quimeras: sobre algunos modos tempranos de manejar la herencia psicogen\u00e9tica, Joshua Durban<\/p>\n<p>5. Fantasmas vaginales: conmemorando a los desaparecidos, Sue Grand<\/p>\n<p>COMUNIDAD Y CULTURA<\/p>\n<p>6. Fantasmas en psicoan\u00e1lisis, Adrienne Harris, Michael Roth, Jack Drescher, Dan Butler, Don Troise y Douglas Kirsner<\/p>\n<p>7. Brazos vac\u00edos y verg\u00fcenzas secretas: fantasmas en la UCIN, Zina Steinberg y Susan Kraemer<\/p>\n<p>8. Mourning in the Hollow of Architecture and Psychoanalysis Julie Leavitt y Maria McVarish<\/p>\n<p>9. Primer beso, \u00faltima palabra: Escalera al cielo, Adrienne Harris<\/p>\n<p>Ep\u00edlogo, Sam Gerson<\/p>\n<p>&nbsp;<\/p>\n<p><strong>Septiembre<\/strong><\/p>\n<p><a href=\"https:\/\/www.centroeleia.edu.mx\/blog\/wp-content\/uploads\/2021\/01\/Trauma-guilt-and-reparation.jpg\"><img decoding=\"async\" loading=\"lazy\" class=\"size-medium wp-image-7634 aligncenter\" src=\"https:\/\/www.centroeleia.edu.mx\/blog\/wp-content\/uploads\/2021\/01\/Trauma-guilt-and-reparation-200x300.jpg\" alt=\"\" width=\"200\" height=\"300\" srcset=\"https:\/\/www.centroeleia.edu.mx\/blog\/wp-content\/uploads\/2021\/01\/Trauma-guilt-and-reparation-200x300.jpg 200w, https:\/\/www.centroeleia.edu.mx\/blog\/wp-content\/uploads\/2021\/01\/Trauma-guilt-and-reparation.jpg 350w\" sizes=\"(max-width: 200px) 100vw, 200px\" \/><\/a><\/p>\n<p><strong>Libro<\/strong>: Weiss. H. (2019). <em>Trauma, Guilt and Reparation. <\/em><em>The Path from Impasse to Development<\/em>. Routledge.<\/p>\n<p>&nbsp;<\/p>\n<p>Este libro identifica las barreras emocionales que enfrentan las personas que han experimentado un trauma severo, as\u00ed como el surgimiento de procesos de reparaci\u00f3n que allanan el camino del estancamiento al desarrollo.<\/p>\n<p>&nbsp;<\/p>\n<p>El libro explora la cuesti\u00f3n del trauma con particular referencia a asuntos de reparaci\u00f3n y culpa. Haciendo referencia al trabajo original de Klein y otros, examina c\u00f3mo los sentimientos de culpa persistente funcionan para frustrar los intentos de reparaci\u00f3n, encerrando el trauma en lo profundo de la psique. Proporciona una comprensi\u00f3n te\u00f3rica de la interacci\u00f3n entre los sentimientos de necesidad y los de miedo, ira, verg\u00fcenza y culpa, y ofrece una ruta para que los pacientes experimenten el duelo y el perd\u00f3n necesarios para aceptar su propio trauma. El pr\u00f3logo es de John Steiner.<\/p>\n<p>&nbsp;<\/p>\n<p>Adem\u00e1s, todo el libro est\u00e1 ilustrado por ejemplos cl\u00ednicos, est\u00e1 escritor por un autor cuya empat\u00eda y experiencia lo convierten en un experto en el campo. Es un texto que ser\u00e1 de gran inter\u00e9s para psicoterapeutas, trabajadores sociales y cualquier profesional que trabaje con personas traumatizadas.<\/p>\n<p>&nbsp;<\/p>\n<p>\u00cdndice<\/p>\n<p>&nbsp;<\/p>\n<p>Pr\u00f3logo de John Steiner<\/p>\n<p>&nbsp;<\/p>\n<p>Cap\u00edtulo uno: Trauma, culpa y reparaci\u00f3n: un paradigma psicoanal\u00edtico<\/p>\n<p>Cap\u00edtulo dos: Impedimentos para la reparaci\u00f3n: resentimiento, verg\u00fcenza e ira: el significado de la mirada<\/p>\n<p>Cap\u00edtulo tres: La compulsi\u00f3n a la repetici\u00f3n y el supery\u00f3 primitivo: intentos de reparaci\u00f3n en pacientes fronterizos<\/p>\n<p>Cap\u00edtulo cuatro: La \u201cTorre\u201d: Sumisi\u00f3n y seguridad ilusoria en una organizaci\u00f3n de defensa traum\u00e1tica<\/p>\n<p>Cap\u00edtulo cinco: El trauma, la reparaci\u00f3n y los l\u00edmites de la reparaci\u00f3n<\/p>\n<p>Cap\u00edtulo seis: Recuerdo traum\u00e1tico y olvido de la ecl\u00edptica: sobre el acertijo del tiempo en \u201cThe End of Days\u201d, de Jenny Erpenbeck<\/p>\n<p>Cap\u00edtulo siete: Reparaci\u00f3n y gratitud<\/p>\n<p>&nbsp;<\/p>\n<p>&nbsp;<\/p>\n<p><a href=\"https:\/\/www.centroeleia.edu.mx\/blog\/wp-content\/uploads\/2021\/01\/Psychosomatics-today.jpg\"><img decoding=\"async\" loading=\"lazy\" class=\"size-medium wp-image-7635 aligncenter\" src=\"https:\/\/www.centroeleia.edu.mx\/blog\/wp-content\/uploads\/2021\/01\/Psychosomatics-today-199x300.jpg\" alt=\"\" width=\"199\" height=\"300\" srcset=\"https:\/\/www.centroeleia.edu.mx\/blog\/wp-content\/uploads\/2021\/01\/Psychosomatics-today-199x300.jpg 199w, https:\/\/www.centroeleia.edu.mx\/blog\/wp-content\/uploads\/2021\/01\/Psychosomatics-today.jpg 350w\" sizes=\"(max-width: 199px) 100vw, 199px\" \/><\/a><\/p>\n<p><strong>Libro:<\/strong> Aisenstein, M. y Rappoport de Aisemberg, E. (eds.). (2010). <em>Psychosomatics Today. A Psychoanalytic Perspective<\/em>. Routledge.<\/p>\n<p>&nbsp;<\/p>\n<p>La psicosom\u00e1tica ha tenido cl\u00e1sicamente una importancia perif\u00e9rica dentro de nuestros conocidos modelos te\u00f3ricos, a pesar de que tiene una historia en el campo del psicoan\u00e1lisis. Esto podr\u00eda deberse al hecho de que Freud no abord\u00f3 expl\u00edcitamente la psicosom\u00e1tica y, en consecuencia, no propuso ninguna hip\u00f3tesis dentro de su cuerpo te\u00f3rico. Sin embargo, los conceptos freudianos de neurosis reales y neurosis mixtas son una base para comprender los fen\u00f3menos psicosom\u00e1ticos. Lo mismo podr\u00eda decirse de las conexiones establecidas con modelos te\u00f3ricos freudianos posteriores, tales como: la introducci\u00f3n del narcisismo, los procesos de duelo no resuelto, el trauma temprano y la acci\u00f3n de T\u00e1natos.<\/p>\n<p>&nbsp;<\/p>\n<p>\u00cdndice<\/p>\n<p>Cap\u00edtulo uno. Reflexiones sobre la Escuela de Psicosom\u00e1tica de Par\u00eds<\/p>\n<p>Por Andr\u00e9 Green<\/p>\n<p>Cap\u00edtulo dos. El misterioso salto de lo som\u00e1tico a la psique<\/p>\n<p>Por Marilia Aisenstein<\/p>\n<p>Cap\u00edtulo tres. Psicosom\u00e1tica: el papel de la fantas\u00eda inconsciente<\/p>\n<p>Por Catalina Bronstein<\/p>\n<p>Cap\u00edtulo cuatro. Una erupci\u00f3n de un color diferente: erupciones somatops\u00edquicas del otro lado<\/p>\n<p>Por Lila J. Kalinich<\/p>\n<p>Cap\u00edtulo cinco. Adolescencia: el cuerpo como escenario de dramas no simbolizados<\/p>\n<p>Por Ruggero Levy<\/p>\n<p>Cap\u00edtulo seis. Condiciones psicosom\u00e1ticas en el psicoan\u00e1lisis contempor\u00e1neo<\/p>\n<p>Por Elsa Rappoport de Aisemberg<\/p>\n<p>Cap\u00edtulo siete. Vicisitudes particulares de la pulsi\u00f3n enfrentada al duelo: sublimaci\u00f3n y somatizaci\u00f3n<\/p>\n<p>Por Evelyne Sechaud<\/p>\n<p>Cap\u00edtulo ocho. El lugar del afecto en la econom\u00eda psicosom\u00e1tica<\/p>\n<p>Por Claude Smadja<\/p>\n<p>Cap\u00edtulo nueve. La capacidad de decir no y los trastornos psicosom\u00e1ticos en la infancia<\/p>\n<p>Por G\u00e9rard Szwec<\/p>\n<p>Cap\u00edtulo diez. Simbolismo, simbolizaci\u00f3n y trauma en la teor\u00eda psicosom\u00e1tica<\/p>\n<p>Por Graeme J. Taylor<\/p>\n<p>&nbsp;<\/p>\n<p>&nbsp;<\/p>\n<p><a href=\"https:\/\/www.centroeleia.edu.mx\/blog\/wp-content\/uploads\/2021\/01\/Loss.-Develop.jpg\"><img decoding=\"async\" loading=\"lazy\" class=\"size-medium wp-image-7636 aligncenter\" src=\"https:\/\/www.centroeleia.edu.mx\/blog\/wp-content\/uploads\/2021\/01\/Loss.-Develop-200x300.jpg\" alt=\"\" width=\"200\" height=\"300\" srcset=\"https:\/\/www.centroeleia.edu.mx\/blog\/wp-content\/uploads\/2021\/01\/Loss.-Develop-200x300.jpg 200w, https:\/\/www.centroeleia.edu.mx\/blog\/wp-content\/uploads\/2021\/01\/Loss.-Develop.jpg 350w\" sizes=\"(max-width: 200px) 100vw, 200px\" \/><\/a><\/p>\n<p><strong>Libro:<\/strong> Akhtar, S. (ed.). (2020<em>). Loss. Developmental, Cultural, and Clinical Realms<\/em>. Routledge.<\/p>\n<p>&nbsp;<\/p>\n<p>La experiencia de la p\u00e9rdida es omnipresente en la vida humana, pero su naturaleza e impacto tienen grandes variaciones. Cuando la p\u00e9rdida es de fase espec\u00edfica, esperada y acompa\u00f1ada de suministros compensatorios, puede conducir al crecimiento del ego. Cuando la p\u00e9rdida es inoportuna, inesperada y no va acompa\u00f1ada de un \u201csost\u00e9n\u201d ambiental, se vuelve traum\u00e1tica y requiere atenci\u00f3n cl\u00ednica.<\/p>\n<p>&nbsp;<\/p>\n<p>Esta edici\u00f3n re\u00fane a un grupo distinguido de colaboradores internacionales con el fin de explicar la naturaleza multifac\u00e9tica y matizada de la p\u00e9rdida desde una variedad de perspectivas. Estos m\u00e9dicos, administradores y escritores delinean la gran variabilidad en el entorno, los antecedentes y las consecuencias de la p\u00e9rdida. Se abordan las p\u00e9rdidas que facilitan y obstaculizan el desarrollo, as\u00ed como las p\u00e9rdidas que parecen inevitables a medida que uno pasa de la ni\u00f1ez a la adolescencia y la edad adulta temprana a la mediana edad y a la vejez. Adem\u00e1s, se examinan las p\u00e9rdidas experimentadas por las organizaciones institucionales y las sociedades devastadas por la guerra. El enfoque final del libro es cl\u00ednico: destaca los muchos dilemas t\u00e9cnicos en el trabajo con pacientes en duelo y ofrece estrategias terap\u00e9uticas destinadas a aliviar su angustia.<\/p>\n<p>&nbsp;<\/p>\n<p>\u00cdndice<\/p>\n<p>Parte I: \u00c1mbitos del desarrollo<\/p>\n<ol>\n<li>P\u00e9rdida normativa y traum\u00e1tica en la infancia (Ann Smolen)<\/li>\n<li>P\u00e9rdidas reales, inevitables e invisibles durante la adolescencia (Jennifer Mariko Neuwalder)<\/li>\n<li>P\u00e9rdida durante la mediana edad y la vejez (Julian Stern)<\/li>\n<\/ol>\n<p>Parte II: \u00c1mbitos culturales<\/p>\n<ol start=\"4\">\n<li>P\u00e9rdida en organizaciones (Philip Stokoe)<\/li>\n<li>El espectro de p\u00e9rdidas en sociedades devastadas por la guerra (Aleksander Dimitrijevic)<\/li>\n<li>Una po\u00e9tica de la p\u00e9rdida (Martina Kolb)<\/li>\n<li>Tres pel\u00edculas centradas en la p\u00e9rdida y el duelo (Salman Akhtar &amp; Beverly Shin)<\/li>\n<\/ol>\n<p>Parte III: \u00c1mbitos cl\u00ednicos<\/p>\n<ol start=\"8\">\n<li>La p\u00e9rdida como base relacional del \u2018self\u2019 y la pol\u00edtica del duelo (Clara Mucci)<\/li>\n<li>Manifestaciones y manejo de la p\u00e9rdida parental infantil en pacientes adultos (Salman Akhtar)<\/li>\n<li>P\u00e9rdida, necesidad y omnipotencia (Suzanne Benser)<\/li>\n<li>Entre el diagn\u00f3stico y la muerte (Isil Vahip)<\/li>\n<li>Reacciones de los terapeutas ante la muerte de los pacientes (Sybil Houlding)<\/li>\n<\/ol>\n<p>&nbsp;<\/p>\n<p>&nbsp;<\/p>\n<p><strong>Agosto<\/strong><\/p>\n<p><a href=\"https:\/\/www.centroeleia.edu.mx\/blog\/wp-content\/uploads\/2021\/01\/El-psicoan\u00e1lisis-y-lo-psicosom\u00e1tico.jpg\"><img decoding=\"async\" loading=\"lazy\" class=\"size-medium wp-image-7511 aligncenter\" src=\"https:\/\/www.centroeleia.edu.mx\/blog\/wp-content\/uploads\/2021\/01\/El-psicoan\u00e1lisis-y-lo-psicosom\u00e1tico-211x300.jpg\" alt=\"\" width=\"211\" height=\"300\" srcset=\"https:\/\/www.centroeleia.edu.mx\/blog\/wp-content\/uploads\/2021\/01\/El-psicoan\u00e1lisis-y-lo-psicosom\u00e1tico-211x300.jpg 211w, https:\/\/www.centroeleia.edu.mx\/blog\/wp-content\/uploads\/2021\/01\/El-psicoan\u00e1lisis-y-lo-psicosom\u00e1tico-720x1024.jpg 720w, https:\/\/www.centroeleia.edu.mx\/blog\/wp-content\/uploads\/2021\/01\/El-psicoan\u00e1lisis-y-lo-psicosom\u00e1tico-768x1092.jpg 768w, https:\/\/www.centroeleia.edu.mx\/blog\/wp-content\/uploads\/2021\/01\/El-psicoan\u00e1lisis-y-lo-psicosom\u00e1tico.jpg 869w\" sizes=\"(max-width: 211px) 100vw, 211px\" \/><\/a><\/p>\n<p><strong>Libro:<\/strong> Fern\u00e1ndez, R. (2002). <em>El psicoan\u00e1lisis y lo psicosom\u00e1tico<\/em>. Madrid: S\u00edntesis.<\/p>\n<p>El libro expone determinadas l\u00edneas de pensamiento vigentes desde el psicoan\u00e1lisis sobre los problemas que se plantean en la constituci\u00f3n del campo de lo psicosom\u00e1tico. Realiza un examen de fundamentos presentes en la obra freudiana y los puntos de anclaje que dan lugar a los desarrollos de diversos autores, aproximando los puntos de confrontaci\u00f3n, sus posibles convergencias y divergencias. El autor diferencia los aportes que se sostienen dentro del campo de lo psicoanal\u00edtico de aquellos otros que pretenden fundar un campo espec\u00edfico de teor\u00eda y pr\u00e1ctica, y expresa algunas consideraciones personales respecto de su pr\u00e1ctica y formaci\u00f3n, a\u00f1adiendo, a trav\u00e9s de ilustraciones por medio de casos cl\u00ednicos, el material que permite entrever las correlaciones entre situaciones conflictivas de la dram\u00e1tica existencial y la aparici\u00f3n y desarrollo de trastornos som\u00e1ticos. El prop\u00f3sito de esta obra es ofrecer una serie de orientaciones que permitan al lector ubicarse, reflexivamente, en el contexto que supone la pr\u00e1ctica cl\u00ednica psicoterap\u00e9utica con pacientes que presentan padecimientos ligados a enfermedades o trastornos som\u00e1ticos.<\/p>\n<p><strong> <a href=\"https:\/\/www.centroeleia.edu.mx\/blog\/wp-content\/uploads\/2021\/01\/M\u00faltiples-caras-de-la-depresi\u00f3n.jpg\"><img decoding=\"async\" loading=\"lazy\" class=\"size-medium wp-image-7512 aligncenter\" src=\"https:\/\/www.centroeleia.edu.mx\/blog\/wp-content\/uploads\/2021\/01\/M\u00faltiples-caras-de-la-depresi\u00f3n-203x300.jpg\" alt=\"\" width=\"203\" height=\"300\" srcset=\"https:\/\/www.centroeleia.edu.mx\/blog\/wp-content\/uploads\/2021\/01\/M\u00faltiples-caras-de-la-depresi\u00f3n-203x300.jpg 203w, https:\/\/www.centroeleia.edu.mx\/blog\/wp-content\/uploads\/2021\/01\/M\u00faltiples-caras-de-la-depresi\u00f3n.jpg 337w\" sizes=\"(max-width: 203px) 100vw, 203px\" \/><\/a><\/strong><\/p>\n<p><strong>Libro:<\/strong> Shaffer, D. y Waslick, B. (2006). <em>Las m\u00faltiples caras de la depresi\u00f3n en ni\u00f1os y adolescentes<\/em>. Barcelona: Ars Medica.<\/p>\n<p>En este libro, los doctores Shaffer y Waslisck lideran un distinguido grupo de colaboradores cuyo objetivo es proporcionar una visi\u00f3n general de los hallazgos y conceptos clave, surgidos de los esfuerzos emp\u00edricos, que se han llevado a cabo en los \u00faltimos tiempos para comprender las causas del trastorno depresivo en j\u00f3venes.<\/p>\n<p>Los temas desarrollados incluyen los dilemas y desaf\u00edos relacionados con el diagn\u00f3stico de los trastornos unipolar y bipolar del estado de \u00e1nimo en la infancia y adolescencia, las pruebas que proporciona la investigaci\u00f3n sobre la efectividad de un amplio abanico de intervenciones psicoterap\u00e9uticas y tratamientos farmacol\u00f3gicos en pacientes depresivos j\u00f3venes, los principios que rigen actualmente las fases agudas, de continuaci\u00f3n y de mantenimiento del tratamiento farmacol\u00f3gico del trastorno depresivo mayor en ni\u00f1os y adolescentes, los avances en un campo de importancia creciente, el de la prevenci\u00f3n del suicidio en j\u00f3venes.<\/p>\n<p>\u00c9ste es un inestimable compendio del conocimiento actual sobre un trastorno que tiene unas consecuencias potencialmente devastadoras, imprescindible en la biblioteca personal de cualquier cl\u00ednico que trate con ni\u00f1os y adolescentes.<\/p>\n<p><a href=\"https:\/\/www.centroeleia.edu.mx\/blog\/wp-content\/uploads\/2021\/01\/Covidian-life.jpg\"><img decoding=\"async\" loading=\"lazy\" class=\"size-medium wp-image-7510 aligncenter\" src=\"https:\/\/www.centroeleia.edu.mx\/blog\/wp-content\/uploads\/2021\/01\/Covidian-life-199x300.jpg\" alt=\"\" width=\"199\" height=\"300\" srcset=\"https:\/\/www.centroeleia.edu.mx\/blog\/wp-content\/uploads\/2021\/01\/Covidian-life-199x300.jpg 199w, https:\/\/www.centroeleia.edu.mx\/blog\/wp-content\/uploads\/2021\/01\/Covidian-life.jpg 332w\" sizes=\"(max-width: 199px) 100vw, 199px\" \/><\/a><\/p>\n<p><strong>Libro:<\/strong> Levine, Howard B. Y De Staal Ana (Eds.). (2021). <em>Psychoanalysis and Covidian Life: Common Distress, Individual Experience<\/em>. Londres: Phoenix Publishing House.<\/p>\n<p>Con una amplia gama de contribuciones de psicoanalistas de muchos pa\u00edses y orientaciones te\u00f3ricas, este libro ofrece a los lectores la oportunidad de explorar y reflexionar sobre las formas en que la pandemia de COVID-19 ha comenzado a influir en la pr\u00e1ctica anal\u00edtica. Desde los cambios impuestos en el marco (sesiones en l\u00ednea), el impacto del trauma del aislamiento y la ruptura de nuestro anclaje social (requerido por los gestos de confinamiento y protecci\u00f3n de la salud), hasta el desaf\u00edo presentado a la negaci\u00f3n \u2018ordinaria\u2019 de la mortalidad, este libro explora las lecciones de lo que la pandemia puede ense\u00f1arnos sobre c\u00f3mo comprender y tratar la angustia colectiva de forma individual, adem\u00e1s, pone a prueba las herramientas psicoanal\u00edticas de los profundos trastornos psicosociales que el siglo XXI puede deparar. El texto ser\u00e1 de inter\u00e9s para los m\u00e9dicos que ejercen y aquellos que est\u00e1n formaci\u00f3n, as\u00ed como para cualquier persona interesada en los efectos devastadores de una pandemia mundial. Con contribuciones de Christopher Bollas, Patricia Cardoso de Mello, Bernard Chervet, Joshua Durban, Antonino Ferro, Serge Frisch, Steven Jaron, Daniel Kupermann, Howard Levine, Francois Levy, Riccardo Lombardi, Elias y Alberto Rocha Barros, Michael Rustin, Ana de Staal, y Jean-Jacques Tyszler.<\/p>\n<p><strong>Julio<\/strong><\/p>\n<p><a href=\"https:\/\/www.centroeleia.edu.mx\/blog\/wp-content\/uploads\/2021\/01\/Mujer-sexualidad-y-trauma.jpg\"><img decoding=\"async\" loading=\"lazy\" class=\"size-medium wp-image-7319 aligncenter\" src=\"https:\/\/www.centroeleia.edu.mx\/blog\/wp-content\/uploads\/2021\/01\/Mujer-sexualidad-y-trauma-194x300.jpg\" alt=\"\" width=\"194\" height=\"300\" srcset=\"https:\/\/www.centroeleia.edu.mx\/blog\/wp-content\/uploads\/2021\/01\/Mujer-sexualidad-y-trauma-194x300.jpg 194w, https:\/\/www.centroeleia.edu.mx\/blog\/wp-content\/uploads\/2021\/01\/Mujer-sexualidad-y-trauma.jpg 484w\" sizes=\"(max-width: 194px) 100vw, 194px\" \/><\/a><\/p>\n<p><strong>Libro: <\/strong>Fischman, Y. (2000). <em>Mujer, sexualidad y trauma. Desde emociones, erotismo y problemas m\u00e9dicos, hasta maltrato, violencia sexual y pol\u00edtica<\/em>. Buenos Aires: Lugar Editorial.<\/p>\n<p>Este es un libro para mujeres de todas las edades y sus parejas, escrito en un lenguaje que se atreve a ser claro y expl\u00edcito. Incluye, adem\u00e1s, contenido de inter\u00e9s para educadores, consejeros, psic\u00f3logos y profesionales de la salud, en secciones especiales a trav\u00e9s del libro, y en un cap\u00edtulo sobre Trauma y Psicoterapia.<\/p>\n<p>Tras considerar procesos como la menstruaci\u00f3n y menopausia, la autora examina intereses y dificultades sexuales, abordando temas tradicionalmente silenciados, y enfatizando que la sexualidad trasciende a la simple suma de orgasmos.<\/p>\n<p>La secci\u00f3n sobre Ginecolog\u00eda discute problemas relacionados con la salud de los \u00f3rganos femeninos, y presenta informaci\u00f3n actualizada sobre prevenci\u00f3n y tratamiento las de Reproducci\u00f3n y Anticoncepci\u00f3n responden a preguntas que aparecen con frecuencia en la pr\u00e1ctica cl\u00ednica conversaciones sobre sexualidad entre padres e hijos con ejemplos concretos que facilitan la comunicaci\u00f3n complementan la primera parte de este trabajo.<\/p>\n<p>Seguidamente se expone el lado oscuro de la sexualidad, con temas como violaci\u00f3n sexual, incesto, maltrato en la relaci\u00f3n de pareja, y abuso sexual sistematizado en el marco de la represi\u00f3n pol\u00edtica. La presentaci\u00f3n de casos reales ejemplifica diferentes situaciones de violencia y medidas de prevenci\u00f3n y tratamiento.<\/p>\n<p>La complejidad de la sexualidad la hace susceptible a distorsiones provenientes de \u00e1mbitos sociales, econ\u00f3micos y pol\u00edticos <em>Mujer, sexualidad y trauma<\/em> invita a rescatar la sexualidad de las influencias que la contaminan.<\/p>\n<p>\u00cdndice<\/p>\n<p>Introducci\u00f3n<\/p>\n<p>Cap\u00edtulo 1: Desarrollo psicosexual<\/p>\n<p>Cap\u00edtulo 2: La sexualidad de la mujer<\/p>\n<p>Cap\u00edtulo 3: Disfunciones sexuales<\/p>\n<p>Cap\u00edtulo 4: Ginecolog\u00eda y Enfermedades de Transmisi\u00f3n Sexual<\/p>\n<p>Cap\u00edtulo 5: Reproducci\u00f3n<\/p>\n<p>Cap\u00edtulo 6: Anticoncepci\u00f3n: el control de la natalidad<\/p>\n<p>Cap\u00edtulo 7: Conversaciones sobre sexualidad<\/p>\n<p>Cap\u00edtulo 8: Del erotismo al poder y la violencia<\/p>\n<p>Cap\u00edtulo 9: Violencia contra la sexualidad de la mujer<\/p>\n<p>Cap\u00edtulo 10: Violencia intrafamiliar<\/p>\n<p>Cap\u00edtulo 11: Violencia pol\u00edtica<\/p>\n<p>Cap\u00edtulo 12: Trauma y psicoterapia<\/p>\n<p>&nbsp;<\/p>\n<p><a href=\"https:\/\/www.centroeleia.edu.mx\/blog\/wp-content\/uploads\/2021\/01\/Trauma-and-human-existance.jpg\"><img decoding=\"async\" loading=\"lazy\" class=\"size-medium wp-image-7320 aligncenter\" src=\"https:\/\/www.centroeleia.edu.mx\/blog\/wp-content\/uploads\/2021\/01\/Trauma-and-human-existance-200x300.jpg\" alt=\"\" width=\"200\" height=\"300\" srcset=\"https:\/\/www.centroeleia.edu.mx\/blog\/wp-content\/uploads\/2021\/01\/Trauma-and-human-existance-200x300.jpg 200w, https:\/\/www.centroeleia.edu.mx\/blog\/wp-content\/uploads\/2021\/01\/Trauma-and-human-existance.jpg 350w\" sizes=\"(max-width: 200px) 100vw, 200px\" \/><\/a><\/p>\n<p><strong>Libro:<\/strong> Stolorow, Robert D. (2007). <em>Trauma and Human Existence. Autobiographical, Psychoanalytic, and Philosophical Reflections<\/em>. Londres-Nueva York: Routledge.<\/p>\n<p>Este libro entrelaza dos temas centrales para el trauma emocional: el primero se refiere a la contextualidad de la vida emocional en general, y de la experiencia del trauma emocional en particular. El segundo trata sobre el reconocimiento de que la posibilidad del trauma emocional est\u00e9 incorporada en la constituci\u00f3n b\u00e1sica de la existencia humana.<\/p>\n<p>Este volumen describe c\u00f3mo ambos temas se interconectan, en gran parte a medida que cristalizan en la experiencia personal del autor de la p\u00e9rdida traum\u00e1tica. Como se discute en el cap\u00edtulo final del libro, si esta posibilidad constitutiva se traer\u00e1 o no de manera duradera al primer plano de nuestro mundo experiencial depende de los contextos relacionales en los que vivimos.<\/p>\n<p>En conjunto, el libro exhibe la unidad de lo profundamente personal, lo te\u00f3rico y lo filos\u00f3fico en la comprensi\u00f3n del trauma emocional y el lugar que ocupa en la existencia humana.<\/p>\n<p>\u00cdndice<\/p>\n<p>La contextualidad de la vida emocional<\/p>\n<p>La contextualidad del trauma emocional<\/p>\n<p>Fenomenolog\u00eda del trauma y absolutismos de la vida cotidiana<\/p>\n<p>Trauma y Temporalidad<\/p>\n<p>El trauma y el \u201cinconsciente ontol\u00f3gico\u201d<\/p>\n<p>Ansiedad, autenticidad y trauma<\/p>\n<p>Conclusiones: hermanos en la misma oscuridad<\/p>\n<p>&nbsp;<\/p>\n<p><a href=\"https:\/\/www.centroeleia.edu.mx\/blog\/wp-content\/uploads\/2021\/01\/Trauma-y-cl\u00ednica-psicoanal\u00edtica.jpg\"><img decoding=\"async\" loading=\"lazy\" class=\"size-medium wp-image-7321 aligncenter\" src=\"https:\/\/www.centroeleia.edu.mx\/blog\/wp-content\/uploads\/2021\/01\/Trauma-y-cl\u00ednica-psicoanal\u00edtica-180x300.jpg\" alt=\"\" width=\"180\" height=\"300\" srcset=\"https:\/\/www.centroeleia.edu.mx\/blog\/wp-content\/uploads\/2021\/01\/Trauma-y-cl\u00ednica-psicoanal\u00edtica-180x300.jpg 180w, https:\/\/www.centroeleia.edu.mx\/blog\/wp-content\/uploads\/2021\/01\/Trauma-y-cl\u00ednica-psicoanal\u00edtica.jpg 480w\" sizes=\"(max-width: 180px) 100vw, 180px\" \/><\/a><\/p>\n<p><strong>Libro:<\/strong> Rebagliati, A. (2014). <em>Trauma y cl\u00ednica psicoanal\u00edtica. En Freud y en la pr\u00e1ctica actual<\/em>. Buenos Aires: Psicolibro ediciones.<\/p>\n<p>En lo que fueron sus comienzos apareci\u00f3 un asombro, una inquietud que fue derivando en curiosidad, y en un laborioso rastreo de obras reconocidas de autores en los que Anah\u00ed reconoce su filiaci\u00f3n.<\/p>\n<p>El resultado ha sido una obra valiente, porque implic\u00f3 la no c\u00f3moda ni f\u00e1cil tarea de poner en cuesti\u00f3n verdades consagradas, con respeto pero sin ceder en su posici\u00f3n cr\u00edtica, como corresponde a un aut\u00e9ntico investigador.<\/p>\n<p>Minuciosa y \u00e9tica con el estudio y la lectura, cuidadosa de no deformar ni hacer decir lo que no dicen aquellos autores en los que se referencia para ponerlos al servicio de sus propias afirmaciones, ha llevado adelante una revisi\u00f3n reflexiva de las fundamentales l\u00edneas de fuerza de aquellas obras con una percepci\u00f3n de los peque\u00f1os detalles al estilo de la psicoanal\u00edtica \u201catenci\u00f3n parejamente flotante\u201d.<\/p>\n<p>Se termina dise\u00f1ando as\u00ed lo que es el prop\u00f3sito central del libro recuperar el concepto de trauma. Trauma entendido como exceso, resultado de una carencia estructural. Recuperaci\u00f3n mediante el proceso de delimitaci\u00f3n y discriminaci\u00f3n conceptual, y de la puesta a prueba en su labor cl\u00ednica.<\/p>\n<p>Del pr\u00f3logo de Oscar V. Garrido. Psicoanalista.<\/p>\n<p>\u00cdndice<\/p>\n<p>Pr\u00f3logo<\/p>\n<p>Introducci\u00f3n<\/p>\n<p>1- Relaci\u00f3n entre sexualidad, trauma y defensa ps\u00edquica<\/p>\n<p>2- Constituci\u00f3n traum\u00e1tica del psiquismo<\/p>\n<p>3- Articulaci\u00f3n entre trauma, fantas\u00eda y s\u00edntoma<\/p>\n<p>4- Desarrollo del concepto de pulsi\u00f3n. Su car\u00e1cter traum\u00e1tico<\/p>\n<p>5- Angustia, pulsi\u00f3n y trauma<\/p>\n<p>6- Algunas consideraciones acerca del concepto de trauma en representantes de la escuela inglesa y de la escuela francesa de psicoan\u00e1lisis<\/p>\n<p>7- La cl\u00ednica actual<\/p>\n<p>&nbsp;<\/p>\n<p><strong>Junio<\/strong><\/p>\n<p><a href=\"https:\/\/www.centroeleia.edu.mx\/blog\/wp-content\/uploads\/2021\/01\/Transgenerational-Trauma-and-Therapy.jpg\"><img decoding=\"async\" loading=\"lazy\" class=\"size-medium wp-image-7196 aligncenter\" src=\"https:\/\/www.centroeleia.edu.mx\/blog\/wp-content\/uploads\/2021\/01\/Transgenerational-Trauma-and-Therapy-200x300.jpg\" alt=\"\" width=\"200\" height=\"300\" srcset=\"https:\/\/www.centroeleia.edu.mx\/blog\/wp-content\/uploads\/2021\/01\/Transgenerational-Trauma-and-Therapy-200x300.jpg 200w, https:\/\/www.centroeleia.edu.mx\/blog\/wp-content\/uploads\/2021\/01\/Transgenerational-Trauma-and-Therapy.jpg 350w\" sizes=\"(max-width: 200px) 100vw, 200px\" \/><\/a><\/p>\n<p><strong>Libro: <\/strong>Bak\u00f3, T. y Zana, K. (2020). <em>Transgenerational Trauma and Therapy: The Transgenerational Atmosphere<\/em>. Nueva York-Londres: Routledge.<\/p>\n<p>Este libro presenta los impactos psicol\u00f3gicos transgeneracionales del trauma y el trabajo cl\u00ednico al respecto. El conocimiento expansivo del libro explora la psicolog\u00eda del trauma colectivo masivo y proporciona nuevas formas de comprender las graves secuelas del sufrimiento causado por el hombre.<\/p>\n<p>En este libro, Bak\u00f3 y Zana emplean su concepto original \u201cla atm\u00f3sfera transgeneracional\u201d para comprender por completo los muchos fen\u00f3menos familiares dentro de un nuevo marco te\u00f3rico, explorando el impacto psicol\u00f3gico del trauma en la primera generaci\u00f3n, el modo de transmisi\u00f3n, sus efectos en las futuras generaciones y consideraciones terap\u00e9uticas en torno a \u00e9ste. Fundamentalmente, el libro explora los efectos psicol\u00f3gicos de los traumas colectivos y sociales en grupos enteros de individuos. Comenzando con los efectos psicol\u00f3gicos directos y profundos del trauma individual y, luego, explorando el impacto del trauma colectivo a lo largo de generaciones, se ocupa particularmente del papel del entorno social en el procesamiento del trauma, as\u00ed como su transmisi\u00f3n hereditaria.<\/p>\n<p>Rico en material cl\u00ednico y sugerencias metodol\u00f3gicas, este libro atraer\u00e1 a los profesionales de la salud mental, incluidos psiquiatras, psic\u00f3logos, psicoanalistas y trabajadores sociales, adem\u00e1s de profesores de otras disciplinas acad\u00e9micas, como sociolog\u00eda, historia, filosof\u00eda y antropolog\u00eda.<\/p>\n<p>\u00cdndice<\/p>\n<p>1. El impacto del trauma<\/p>\n<p>2. Del trauma al trauma transgeneracional<\/p>\n<p>3. Los impactos de primera generaci\u00f3n de los traumas sociales colectivos<\/p>\n<p>4. La atm\u00f3sfera transgeneracional<\/p>\n<p>5. La autoexperiencia transgeneracional<\/p>\n<p>6. El impacto de los traumas sociales colectivos en las generaciones subsecuentes<\/p>\n<p>7. Aspectos terap\u00e9uticos del trauma transgeneracional<\/p>\n<p>8. Metodolog\u00eda para la terapia de trauma transgeneracional<\/p>\n<p>9. Pensamientos finales<\/p>\n<p>10. Reflexiones<\/p>\n<p>&nbsp;<\/p>\n<p><a href=\"https:\/\/www.centroeleia.edu.mx\/blog\/wp-content\/uploads\/2021\/01\/Flames-from-the-unconscious.jpg\"><img decoding=\"async\" loading=\"lazy\" class=\"size-medium wp-image-7197 aligncenter\" src=\"https:\/\/www.centroeleia.edu.mx\/blog\/wp-content\/uploads\/2021\/01\/Flames-from-the-unconscious-191x300.jpg\" alt=\"\" width=\"191\" height=\"300\" srcset=\"https:\/\/www.centroeleia.edu.mx\/blog\/wp-content\/uploads\/2021\/01\/Flames-from-the-unconscious-191x300.jpg 191w, https:\/\/www.centroeleia.edu.mx\/blog\/wp-content\/uploads\/2021\/01\/Flames-from-the-unconscious-652x1024.jpg 652w, https:\/\/www.centroeleia.edu.mx\/blog\/wp-content\/uploads\/2021\/01\/Flames-from-the-unconscious-768x1207.jpg 768w, https:\/\/www.centroeleia.edu.mx\/blog\/wp-content\/uploads\/2021\/01\/Flames-from-the-unconscious-978x1536.jpg 978w, https:\/\/www.centroeleia.edu.mx\/blog\/wp-content\/uploads\/2021\/01\/Flames-from-the-unconscious.jpg 1000w\" sizes=\"(max-width: 191px) 100vw, 191px\" \/><\/a><\/p>\n<p><strong>Libro:<\/strong> Eigen, M. (2009). <em>Flames from the Unconscious: Trauma, Madness, and Faith<\/em>. Nueva York-Londres: Routledge.<\/p>\n<p>\u201cSentirse como un impostor es un tema recurrente entre los artistas y sentirse una persona falsa es un tema crucial dentro del psicoan\u00e1lisis. La sensaci\u00f3n de que uno est\u00e1 viviendo una mentira es importante para muchos y, con frecuencia, viene acompa\u00f1ado de la sensaci\u00f3n de que una llama importante est\u00e1 menguando. Fusionado con esto existe el miedo a que el autodescubrimiento sea un pecado. La culpa, el miedo y la verg\u00fcenza se asocian al desarrollo y al fracaso en el desarrollo. La fusi\u00f3n de opuestos es la regla en la vida ps\u00edquica. El robo creativo se fusiona con temores destructivos. Agon\u00edas insoportables provocan mentiras f\u00e1ciles y falsedades para escapar del dolor y de la impotencia\u2026 Lo real toca a lo real, a veces para el mal, a veces para el bien, a menudo los dos indiscernibles, indistinguibles. Este libro afirma que hay algo en nosotros que trabaja con todas sus fuerzas para inclinar la balanza hacia el bien\u201d. Michael Eigen.<\/p>\n<p>\u00cdndice<\/p>\n<p>Cap\u00edtulo 1: Introducci\u00f3n: llamas del inconsciente<\/p>\n<p>Cap\u00edtulo 2: Soledad primaria<\/p>\n<p>Cap\u00edtulo 3: N\u00facleo incomunicado y apoyo desconocido ilimitado<\/p>\n<p>Cap\u00edtulo 4: Culpa en una era de psicopat\u00eda<\/p>\n<p>Cap\u00edtulo 5: Mat\u00e9 a S\u00f3crates<\/p>\n<p>Cap\u00edtulo 6: \u00c9tica de la venganza<\/p>\n<p>Cap\u00edtulo 7: Algo malo<\/p>\n<p>Cap\u00edtulo 8: Emily y M. E.<\/p>\n<p>Cap\u00edtulo 9: Fe y car\u00e1cter destructivo<\/p>\n<p>&nbsp;<\/p>\n<p><a href=\"https:\/\/www.centroeleia.edu.mx\/blog\/wp-content\/uploads\/2021\/01\/Working-through-collective-wounds.jpg\"><img decoding=\"async\" loading=\"lazy\" class=\"size-medium wp-image-7198 aligncenter\" src=\"https:\/\/www.centroeleia.edu.mx\/blog\/wp-content\/uploads\/2021\/01\/Working-through-collective-wounds-212x300.jpg\" alt=\"\" width=\"212\" height=\"300\" srcset=\"https:\/\/www.centroeleia.edu.mx\/blog\/wp-content\/uploads\/2021\/01\/Working-through-collective-wounds-212x300.jpg 212w, https:\/\/www.centroeleia.edu.mx\/blog\/wp-content\/uploads\/2021\/01\/Working-through-collective-wounds.jpg 353w\" sizes=\"(max-width: 212px) 100vw, 212px\" \/><\/a><\/p>\n<p><strong>Libro:<\/strong> Soreanu, R. (2018). <em>Working-Through Collective Wounds: Trauma, Denial, Recognition in the Brazilian Uprising<\/em>. Londres: Palgrave Macmillan.<\/p>\n<p>Este libro analiza c\u00f3mo los colectivos lloran y crean s\u00edmbolos. Desaf\u00eda las ideas de la multitud irracional y destructiva, y examina c\u00f3mo se desarrollan escenas complicadas de traumas en las calles y plazas de las ciudades, en tiempos de protesta. Tomando como base las ideas de la teor\u00eda del trauma del psicoanalista S\u00e1ndor Ferenczi y su idea de la \u201cconfusi\u00f3n de lenguas\u201d, el libro aborda las confusiones entre diferentes registros de lo social que atrapan a la gente en la escena del trauma y la unen en la alienaci\u00f3n y la sumisi\u00f3n. Raluca Soreanu propone una teor\u00eda del trauma y una teor\u00eda del reconocimiento que parten de una comprensi\u00f3n psicoanal\u00edtica de psiques fragmentadas y trazan la vida social de los fragmentos ps\u00edquicos. El libro se constituye por vi\u00f1etas psicosociales del levantamiento brasile\u00f1o de 2013. Ser\u00e1 de gran inter\u00e9s para los psicoanalistas interesados en los fen\u00f3menos colectivos, quienes realizan estudios psicosociales y los te\u00f3ricos sociales que trabajan en las teor\u00edas del reconocimiento y las teor\u00edas del trauma.<\/p>\n<p>\u00cdndice<\/p>\n<p>Introducci\u00f3n<\/p>\n<p>S\u00edmbolos<\/p>\n<p>Magmas<\/p>\n<p>Registros<\/p>\n<p>Heridas de memoria<\/p>\n<p>Fantasmas<\/p>\n<p>Voracidades<\/p>\n<p>Rostros<\/p>\n<p>Monedas<\/p>\n<p>L\u00edneas oblicuas<\/p>\n<p>Conclusiones<\/p>\n<p>&nbsp;<\/p>\n<p><strong>Mayo<\/strong><\/p>\n<p><a href=\"https:\/\/www.centroeleia.edu.mx\/blog\/wp-content\/uploads\/2021\/01\/Migration-trauma-culture-and-finding-the-psychological-home-within.png\"><img decoding=\"async\" loading=\"lazy\" class=\"size-medium wp-image-7092 aligncenter\" src=\"https:\/\/www.centroeleia.edu.mx\/blog\/wp-content\/uploads\/2021\/01\/Migration-trauma-culture-and-finding-the-psychological-home-within-200x300.png\" alt=\"\" width=\"200\" height=\"300\" srcset=\"https:\/\/www.centroeleia.edu.mx\/blog\/wp-content\/uploads\/2021\/01\/Migration-trauma-culture-and-finding-the-psychological-home-within-200x300.png 200w, https:\/\/www.centroeleia.edu.mx\/blog\/wp-content\/uploads\/2021\/01\/Migration-trauma-culture-and-finding-the-psychological-home-within-682x1024.png 682w, https:\/\/www.centroeleia.edu.mx\/blog\/wp-content\/uploads\/2021\/01\/Migration-trauma-culture-and-finding-the-psychological-home-within-768x1153.png 768w, https:\/\/www.centroeleia.edu.mx\/blog\/wp-content\/uploads\/2021\/01\/Migration-trauma-culture-and-finding-the-psychological-home-within.png 970w\" sizes=\"(max-width: 200px) 100vw, 200px\" \/><\/a><\/p>\n<p><strong>Libro: <\/strong>Conroy G. P. (2016). <em>Migration Trauma, Culture, and Finding the Psychological Home Within: Views From British Object Relations Theory<\/em>. Lanham: Rowman &amp; Littlefield Publishers<\/p>\n<p>Este libro es un estudio exhaustivo sobre la migraci\u00f3n del Este de Europa hacia Estados Unidos. Al presentar los estudios de casos cl\u00ednicos de inmigrantes de Europa del Este que buscan tratamiento psicoanal\u00edtico a largo plazo, Grace Conroy pone particular atenci\u00f3n a las historias premigratorias, cultura interna y desarrollo psicol\u00f3gico temprano. Conroy detalla lo que est\u00e1 sucediendo en la psique de los migrantes, quienes est\u00e1n en el proceso de integrarse en nuevas culturas, en \u00faltima instancia, explora los detalles y matices de las luchas psicol\u00f3gicas y las transformaciones del proceso migratorio.<\/p>\n<p>&nbsp;<\/p>\n<p>\u00cdndice<\/p>\n<p>Agradecimientos<\/p>\n<p>Perspectivas psicoanal\u00edticas sobre la migraci\u00f3n, identidad, cultura y su diferenciaci\u00f3n de los enfoques psicosociales<\/p>\n<p>Desarrollo del aut\u00e9ntico hogar psicol\u00f3gico y la estructura del falso hogar ps\u00edquico<\/p>\n<p>Historias de casos compuestos por migraci\u00f3n: tratamiento de pacientes con un sentido precario de identidad y autointegraci\u00f3n a partir de los que fueron desarrollados casos compuestos<\/p>\n<p>Concluyendo el an\u00e1lisis de los casos compuestos<\/p>\n<p>Qu\u00e9 conduce a una migraci\u00f3n exitosa, a una nueva cultura y qu\u00e9 puede terminar en un fracaso<\/p>\n<p>Ep\u00edlogo: \u201cla casa de hu\u00e9spedes\u201d<\/p>\n<p>&nbsp;<\/p>\n<p><a href=\"https:\/\/www.centroeleia.edu.mx\/blog\/wp-content\/uploads\/2021\/01\/Pesadillas-En-Vigilia.-Sobre-Neurosis-Toxicas-y-Traum\u00e1ticas.jpg\"><img decoding=\"async\" loading=\"lazy\" class=\"size-medium wp-image-7093 aligncenter\" src=\"https:\/\/www.centroeleia.edu.mx\/blog\/wp-content\/uploads\/2021\/01\/Pesadillas-En-Vigilia.-Sobre-Neurosis-Toxicas-y-Traum\u00e1ticas-180x300.jpg\" alt=\"\" width=\"180\" height=\"300\" srcset=\"https:\/\/www.centroeleia.edu.mx\/blog\/wp-content\/uploads\/2021\/01\/Pesadillas-En-Vigilia.-Sobre-Neurosis-Toxicas-y-Traum\u00e1ticas-180x300.jpg 180w, https:\/\/www.centroeleia.edu.mx\/blog\/wp-content\/uploads\/2021\/01\/Pesadillas-En-Vigilia.-Sobre-Neurosis-Toxicas-y-Traum\u00e1ticas.jpg 300w\" sizes=\"(max-width: 180px) 100vw, 180px\" \/><\/a><\/p>\n<p><strong>Libro:<\/strong> Maldavsky, D. (1995). <em>Pesadillas en vigilia: sobre neurosis toxicas y traum\u00e1ticas<\/em>. Buenos Aires: Amorrortu.<\/p>\n<p>Una caracter\u00edstica del desarrollo de la teor\u00eda y la cl\u00ednica psicoanal\u00edticas en las \u00faltimas d\u00e9cadas tal vez se pueda apresar en esta reflexi\u00f3n: en la obra de Sigmund Freud se registran l\u00edneas de elaboraci\u00f3n posible para sus ideas, o teor\u00edas s\u00f3lo indicadas; y los nuevos autores que ensayan prolongar esas argumentaciones de la obra de Freud considerada como un organismo vivo, y as\u00ed van en cierto modo hasta las fronteras del pensamiento psicoanal\u00edtico, consiguen, al mismo tiempo que hacen avanzar la teor\u00eda, iluminar campos de la cl\u00ednica que hasta ese momento permanec\u00edan cerrados. Es el caso de David Maldavsky en el presente libro, y la elaboraci\u00f3n te\u00f3rica corresponde al tema de la conciencia y la percepci\u00f3n (Freud se hab\u00eda propuesto escribir un ensayo especial sobre este asunto, destinado a ser uno de los denominados <em>Trabajos sobre metapsicolog\u00eda<\/em>, pero no lleg\u00f3 a concretarlo), aunque tambi\u00e9n se debe mencionar la problem\u00e1tica de la relaci\u00f3n con el otro. En cuanto a las patolog\u00edas que as\u00ed resultan iluminadas, incluyen las adicciones, las afecciones psicosom\u00e1ticas, las epilepsias, la promiscuidad, las traumatofilias, el autismo y las infecciones grupales como el SIDA.<\/p>\n<p>Desde la perspectiva de la relaci\u00f3n con el otro, el punto de uni\u00f3n entre esas patolog\u00edas consiste en que el paciente est\u00e1 inmerso en el mundo de un d\u00e9spota psic\u00f3tico, del cual depende absolutamente. Entonces, sus vicisitudes an\u00edmicas est\u00e1n en estrecha relaci\u00f3n con las atribuidas a ese loco dominante.<\/p>\n<p>Adem\u00e1s de elaborar un aspecto que Freud no alcanz\u00f3 a exponer, y de abarcar nuevas patolog\u00edas cl\u00ednicas, le sucede al autor tener que remontarse a peripecias tempran\u00edsimas de la vida ps\u00edquica.<\/p>\n<p>Si la percepci\u00f3n capta frecuencias objetivas, la conciencia es la faz subjetiva de ese proceso. Esta conciencia se enlaza con el nacimiento de los procesos cualitativos, m\u00e1s all\u00e1 de las actividades neurales y pulsionales, y parece dar testimonio del predominio del componente libidinal en Eros. La exposici\u00f3n del autor toma el desarrollo de la subjetividad en su enlace con la aparici\u00f3n de la conciencia, y es posible (en orden al objeto) que, en este proceso, la actividad m\u00e1s primigenia coincida con el desarrollo inicial de los procesos identificatorios e introyectivos.<\/p>\n<p>Se centra Maldavsky en el estudio de la conciencia originaria; esta posee dos grandes grupos de contenidos: las impresiones sensoriales y los afectos, contenido este principal de la conciencia inicial, primer representante an\u00edmico de las pulsiones. La falta de matiz afectivo en los pacientes denota una falla de subjetivaci\u00f3n inicial. En las patolog\u00edas t\u00f3xicas y traum\u00e1ticas se mantiene la investidura s\u00f3lo de frecuencias, como es inherente a la atenci\u00f3n que Freud denomin\u00f3 reflectoria. Tal desenlace cl\u00ednico se vincula con un estado de par\u00e1lisis an\u00edmica producida por la imposibilidad de ligar esas frecuencias con estados afectivos, que constituyen la primera cualificaci\u00f3n ps\u00edquica. Si falta la conciencia de los afectos y de las impresiones sensoriales, y no aparece la cualidad, percepciones y emociones se asimilan a estados intracorporales mixtos, como ocurre con el dolor. Pero, adem\u00e1s, en las afecciones t\u00f3xicas ocurre una falla en la constituci\u00f3n de los ritmos tempranos, que a su vez parecen surgir de un encuentro cl\u00ednico, pulsional, entre dos cuerpos, que en el individuo sano lleva a la creaci\u00f3n de diferencias en el marco de la afinidad.<\/p>\n<p>Maldavasky especifica el nacimiento de una conciencia originaria en relaci\u00f3n con el otro, y por el estudio diferenciado de las fallas de su constituci\u00f3n categoriza cuadros cl\u00ednicos, cuya descripci\u00f3n fenomenol\u00f3gica y cuyos indicadores te\u00f3ricos aleccionar\u00e1n la visi\u00f3n del terapeuta m\u00e1s all\u00e1 de su preferencia te\u00f3rica o del tipo de su formaci\u00f3n profesional.<\/p>\n<p>&nbsp;<\/p>\n<p>\u00cdndice<\/p>\n<p>Pr\u00f3logo<\/p>\n<p>Primera parte. Desarrollos te\u00f3ricos<\/p>\n<p>Introducci\u00f3n<\/p>\n<p>1. El universo sensorial<\/p>\n<p>2. Discurso y rasgos de car\u00e1cter<\/p>\n<p>3. Estados afectivos y mecanismos psic\u00f3ticos<\/p>\n<p>4. Sobre las restituciones del sentir y del universo sensorial<\/p>\n<p>5. Fijaciones: entre el caos y la coherencia vital<\/p>\n<p>6. Descomplejizaciones en el yo<\/p>\n<p>7. Econom\u00eda pulsional<\/p>\n<p>Segunda parte. Investigaciones cl\u00ednicas<\/p>\n<p>Introducci\u00f3n<\/p>\n<p>8. Neurosis traum\u00e1ticas: un enfoque te\u00f3rico<\/p>\n<p>9. Las neurosis traum\u00e1ticas y sus variedades<\/p>\n<p>10. Autismo: un enfoque te\u00f3rico<\/p>\n<p>11. Sobre el n\u00facleo autista temprano en el Hombre de los Lobos<\/p>\n<p>12. SIDA: constelaciones an\u00edmicas y procesos pulsionales<\/p>\n<p>13. Problemas cl\u00ednicos<\/p>\n<p>14. Un caso cl\u00ednico<\/p>\n<p>&nbsp;<\/p>\n<p><a href=\"https:\/\/www.centroeleia.edu.mx\/blog\/wp-content\/uploads\/2021\/01\/The-Dissociative-Mind-in-Psychoanalysis.jpg\"><img decoding=\"async\" loading=\"lazy\" class=\"size-medium wp-image-7094 aligncenter\" src=\"https:\/\/www.centroeleia.edu.mx\/blog\/wp-content\/uploads\/2021\/01\/The-Dissociative-Mind-in-Psychoanalysis-200x300.jpg\" alt=\"\" width=\"200\" height=\"300\" srcset=\"https:\/\/www.centroeleia.edu.mx\/blog\/wp-content\/uploads\/2021\/01\/The-Dissociative-Mind-in-Psychoanalysis-200x300.jpg 200w, https:\/\/www.centroeleia.edu.mx\/blog\/wp-content\/uploads\/2021\/01\/The-Dissociative-Mind-in-Psychoanalysis-682x1024.jpg 682w, https:\/\/www.centroeleia.edu.mx\/blog\/wp-content\/uploads\/2021\/01\/The-Dissociative-Mind-in-Psychoanalysis-768x1152.jpg 768w, https:\/\/www.centroeleia.edu.mx\/blog\/wp-content\/uploads\/2021\/01\/The-Dissociative-Mind-in-Psychoanalysis.jpg 933w\" sizes=\"(max-width: 200px) 100vw, 200px\" \/><\/a><\/p>\n<p><strong>Libro: <\/strong>Howell, E. y Itzkowitz, S. (eds). (2016). <em>The Dissociative Mind in Psychoanalysis. Understanding and Working With Trauma<\/em>. Londres-Nueva York: Routledge.<\/p>\n<p>Este libro es un recurso de vanguardia que proporciona la teor\u00eda, pr\u00e1ctica e investigaciones actuales sobre el trauma y la disociaci\u00f3n al interior del psicoan\u00e1lisis. Elizabeth Howell y Sheldon Itzkowitz re\u00fanen a expertos en el campo de la disociaci\u00f3n y el psicoan\u00e1lisis, brindando una exhaustiva y amplia perspectiva acerca del pensamiento actual sobre el trauma y la disociaci\u00f3n.<\/p>\n<p>El volumen contiene art\u00edculos sobre la historia de los conceptos de trauma y disociaci\u00f3n, la articulaci\u00f3n del trauma complejo y los problemas disociativos en la vida, diferentes modalidades de tratamiento y enfoques te\u00f3ricos con base en un nuevo entendimiento de este v\u00ednculo, as\u00ed como revisiones de nuevas investigaciones importantes. Por encima de todo esto, es una clara explicaci\u00f3n de c\u00f3mo la disociaci\u00f3n patol\u00f3gica es causada por el trauma, y c\u00f3mo esto afecta la organizaci\u00f3n psicol\u00f3gica (conceptos que con frecuencia han sido malinterpretados en gran medida).<\/p>\n<p>Este libro es una lectura esencial para los psicoanalistas, psicoterapeutas de con orientaci\u00f3n psicoanal\u00edtica, terapeutas de trauma y estudiantes.<\/p>\n<p>&nbsp;<\/p>\n<p>Introducci\u00f3n<\/p>\n<p>Elizabeth F. Howell, Ph.D. &amp; Sheldon Itzkowitz, Ph.D.<\/p>\n<p>SECCI\u00d3N 1<\/p>\n<p>Historia del trauma complejo y los problemas disociativos en la vida<\/p>\n<p>1. Es trauma-an\u00e1lisis psico-an\u00e1lisis<\/p>\n<p>Elizabeth F. Howell, Ph.D. &amp; Sheldon Itzkowitz, Ph.D.<\/p>\n<p>2. Del trauma-an\u00e1lisis al psico-an\u00e1lisis y viceversa<\/p>\n<p>Elizabeth F. Howell, Ph.D. &amp; Sheldon Itzkowitz, Ph.D.<\/p>\n<p>3. La omnipresencia del trauma y la estructura disociativa de la mente<\/p>\n<p>Elizabeth F. Howell, Ph.D. &amp; Sheldon Itzkowitz, Ph.D.<\/p>\n<p>4. Pierre Janet, Sigmund Freud y la disociaci\u00f3n de la personalidad: la primera codificaci\u00f3n de la psicolog\u00eda psicodin\u00e1mica profunda<\/p>\n<p>Onno van der Hart, Ph.D.<\/p>\n<p>5. La paradoja Ferenczi: su importancia para comprender la disociaci\u00f3n y la disociaci\u00f3n de su importancia en el psicoan\u00e1lisis<\/p>\n<p>Margaret L. Hainer, LCSW<\/p>\n<p>SECCI\u00d3N 2<\/p>\n<p>Orientaciones psicoanal\u00edticas y el tratamiento del complejo de la disociaci\u00f3n del trauma complejo y los trastornos disociativos<\/p>\n<p>6. Modelos de disociaci\u00f3n en el trabajo de Freud: Resultados de la disociaci\u00f3n del trauma en la teor\u00eda y la pr\u00e1ctica<\/p>\n<p>Elizabeth F. Howell, Ph.D.<\/p>\n<p>7. Jung y la disociaci\u00f3n: complejos, sue\u00f1os y la psique mitopo\u00e9tica<\/p>\n<p>Donald Kalsched, Ph.D.<\/p>\n<p>8. \u2018Un tipo de verdad queer\u2019: Winnicott y los usos de la disociaci\u00f3n<\/p>\n<p>Dodi Goldman, Ph.D.<\/p>\n<p>9. Una perspectiva kleiniana sobre la disociaci\u00f3n y el trauma: abortos espont\u00e1neos en la simbolizaci\u00f3n<\/p>\n<p>Joseph Newirth, Ph.D.<\/p>\n<p>10. Nunca se me habr\u00eda ocurrido<\/p>\n<p>Philip Bromberg, Ph.D.<\/p>\n<p>11. Lugares precarios: intersubjetividad en estados traumatizados<\/p>\n<p>Jennifer Leighton LCSW<\/p>\n<p>12. Latah: un s\u00edndrome \u00e9tnico con rasgos disociativos. \u00bfUn patr\u00f3n sadomasoquista?<\/p>\n<p>Elizabeth Hegeman, Ph.D.<\/p>\n<p>SECCI\u00d3N 3<\/p>\n<p>Aspectos del tratamiento psicoanal\u00edtico del trauma complejo y la disociaci\u00f3n<\/p>\n<p>13. Ideas sobre c\u00f3mo trabajar con los sue\u00f1os de pacientes con trastorno de identidad disociativo y con trastorno disociativo no especificado<\/p>\n<p>Richard P. Kluft, M.D., Ph.D.<\/p>\n<p>14. \u00bfQui\u00e9n movi\u00f3 mi queso \u2018suizo\u2019? Trastornos alimentarios y el uso de la disociaci\u00f3n como un intento de completar el \u2018todo<\/p>\n<p>Jean Petrucelli, Ph.D.<\/p>\n<p>15. Suena una campana en el cielo vac\u00edo: Sintonizaci\u00f3n disociativa en un mundo resonante<\/p>\n<p>Karen Hopenwasser, M.D.<\/p>\n<p>16. Dividir y multiplicar; una visi\u00f3n multidimensional de los procesos disociativos<\/p>\n<p>Wilma Bucci, Ph.D.<\/p>\n<p>17. La crisis del diagn\u00f3stico personal: el reconocimiento de los estados del yo en el trastorno de identidad disociativo<\/p>\n<p>Richard A. Chefetz, M.D.<\/p>\n<p>18. Terapia psicoactiva del trastorno de identidad disociativo: un modelo multif\u00e1sico<\/p>\n<p>Ira Brenner, M.D.<\/p>\n<p>19. La aparente ausencia de ni\u00f1os con trastorno de identidad disociativo<\/p>\n<p>Valerie Sinason, Ph.D.<\/p>\n<p>SECCI\u00d3N 4<\/p>\n<p>Tendencias actuales de la investigaci\u00f3n en la disociaci\u00f3n compleja del trauma y los trastornos de disociaci\u00f3n<\/p>\n<p>20. Una historia de dos delincuentes: por qu\u00e9 la disociaci\u00f3n est\u00e1 infradiagnosticada en poblaciones forenses<\/p>\n<p>Abby Stein, Ph.D.<\/p>\n<p>21. Una actualizaci\u00f3n sobre la investigaci\u00f3n sobre la validez, evaluaci\u00f3n y tratamiento del trastorno de identidad disociativo<\/p>\n<p>Bethany Brand, Ph.D. &amp; Daniel Brown B.S.<\/p>\n<p>22. Habla la mente disociada de uno: As\u00ed que mis pensamientos deben estar separados de mis penas y problemas<\/p>\n<p>Brian Koehler, Ph.D.<\/p>\n<p>&nbsp;<\/p>\n<p><strong>Abril<\/strong><\/p>\n<p><a href=\"https:\/\/www.centroeleia.edu.mx\/blog\/wp-content\/uploads\/2021\/01\/Trauma-and-the-Destructive-Transformative-Struggle-Clinical-Perspectives.jpg\"><img decoding=\"async\" loading=\"lazy\" class=\"size-medium wp-image-7007 aligncenter\" src=\"https:\/\/www.centroeleia.edu.mx\/blog\/wp-content\/uploads\/2021\/01\/Trauma-and-the-Destructive-Transformative-Struggle-Clinical-Perspectives-200x300.jpg\" alt=\"\" width=\"200\" height=\"300\" srcset=\"https:\/\/www.centroeleia.edu.mx\/blog\/wp-content\/uploads\/2021\/01\/Trauma-and-the-Destructive-Transformative-Struggle-Clinical-Perspectives-200x300.jpg 200w, https:\/\/www.centroeleia.edu.mx\/blog\/wp-content\/uploads\/2021\/01\/Trauma-and-the-Destructive-Transformative-Struggle-Clinical-Perspectives.jpg 600w\" sizes=\"(max-width: 200px) 100vw, 200px\" \/><\/a><\/p>\n<p><strong>Libro: <\/strong>McBride, T. y Murphy, M. (eds.). (2019). <em>Trauma and the Destructive-Transformative Struggle Clinical Perspectives<\/em>. Londres-Nueva York: Routledge.<\/p>\n<p>El impacto del trauma puede ser tanto destructivo como transformador. Este importante nuevo libro presenta no solo una gama de marcos te\u00f3ricos a trav\u00e9s de los cuales se pueden comprender los diferentes traumas: desde los efectos del abuso infantil, hasta los de la guerra y las cat\u00e1strofes, sino que tambi\u00e9n ofrece a los lectores conocimientos acerca de c\u00f3mo el trauma se presenta en el consultorio.<\/p>\n<p>En cada cap\u00edtulo, el autor emplea vi\u00f1etas cl\u00ednicas e historias detalladas de casos para discutir la multiplicidad y complejidad de lo que conlleva el trauma, evitando una simple concepci\u00f3n binaria de fuerzas internas <em>vs<\/em> fuerzas externas. Un amplio rango de temas es abarcado, incluyendo la duradera huella del trauma temprano como la negligencia o el abuso, en el desarrollo posterior; la soluci\u00f3n som\u00e1tica involucrada en las enfermedades mortales; el duelo no metabolizado, la memoria encarnada; la relaci\u00f3n vibrante entre fuerzas externas catastr\u00f3ficas como efectos intergeneracionales; y los ataques terroristas del 11 de septiembre y el duradero efecto de la guerra en los combatientes y sus familias.<\/p>\n<p>Cada cap\u00edtulo es revisado a trav\u00e9s de un punto de vista te\u00f3rico diferente, desde Freud y Fairburn hasta Winnicott, Bion y Ogden, mientras que tambi\u00e9n se discute el trabajo de algunos te\u00f3ricos contempor\u00e1neos. De manera crucial, la parte final del libro aborda aquellos problemas que los analistas enfrentan en su trabajo con pacientes traumatizados, destacando la idea clave de la disociaci\u00f3n, el dilema en torno a la empat\u00eda y los factores que afectan al significado inconsciente del paciente.<\/p>\n<p>Este libro ilumina la resiliencia necesaria tanto para el paciente como para el analista. Ser\u00e1 un recurso vital tanto para los m\u00e9dicos especialistas en trauma como para los investigadores psicoanal\u00edticos en el campo de los estudios del trauma.<\/p>\n<p>&nbsp;<\/p>\n<p><strong>\u00cdndice<\/strong><\/p>\n<p>&nbsp;<\/p>\n<p>Introducci\u00f3n, Maureen Murphy<\/p>\n<p>PARTE I: EL LEGADO DEL TRAUMA TEMPRANO<\/p>\n<p>CAP\u00cdTULO 1<\/p>\n<p>Del hoyo negro a la \u00faltima frontera: el trauma del abuso infantil y el desarrollo de la etapa ed\u00edpica, Terrence McBride<\/p>\n<p>CAP\u00cdTULO 2. El trauma de la alteridad y la lucha por la conexi\u00f3n: defensas esquizoides y sadomasoquistas frente al contacto con el Otro, Pamela Dirham<\/p>\n<p>CAP\u00cdTULO 3. El amor obstinado, Lori O\u2019Brien<\/p>\n<p>CAP\u00cdTULO 4. Encontrando el impulso: sanando del trauma infantil, Judy K. Eekhoff<\/p>\n<p>PARTE II: AGRESIONES ENCARNADAS;<\/p>\n<p>CAP\u00cdTULO 5. Cuando la vida molesta: experiencia del trauma en el cuerpo, Maureen Murphy<\/p>\n<p>CAP\u00cdTULO 6. El complejo de \u00cdcaro y el trauma de caer por siempre, W. Preston Lear<\/p>\n<p>CAP\u00cdTULO 7. Muerte ps\u00edquica y las vicisitudes del duelo no metabolizado, Maxine Nelson<\/p>\n<p>CAP\u00cdTULO 8. Trauma y la memoria encarnada, Marilyn Rifkin<\/p>\n<p>PARTE III: CAT\u00c1STROFES POL\u00cdTICAS;<\/p>\n<p>CAP\u00cdTULO 9. Trauma y el destino de las naciones, Robert L. Pyles<\/p>\n<p>CAP\u00cdTULO 10. Aprendiendo a vivir con fantasmas: vinculando el trauma al pasado colectivo intergeneracional, Susan S. Berger<\/p>\n<p>CAP\u00cdTULO 11. Trauma, destrucci\u00f3n y TEPT: vi\u00f1etas de resiliencia y potencial transformador, Helen K. Gediman<\/p>\n<p>CAP\u00cdTULO 12. Herida moral, la defensa moral, y el colapso de la contenci\u00f3n emocional: una alternativa intersubjetiva al TEPT en el tratamiento del periodo b\u00e9lico, Thomas P. Helscher<\/p>\n<p>PARTE IV: ASUNTOS T\u00c9CNICOS\/RESILIENCIA ANAL\u00cdTICA<\/p>\n<p>CAP\u00cdTULO 13. La importancia cl\u00ednica y los problemas de una visi\u00f3n traumacentrista, Fred Busch<\/p>\n<p>CAP\u00cdTULO 14. Causas del trauma f\u00edsico interno, Maxine K. Anderson<\/p>\n<p>CAP\u00cdTULO 15. Tratando la mente traumatizada: disociaci\u00f3n y t\u00e9cnica psicoanal\u00edtica, Michael J. Diamond<\/p>\n<p>CAP\u00cdTULO 16. El papel central de la fantas\u00eda inconsciente en el an\u00e1lisis de abuso infantil, Alan P. Spivak<\/p>\n<p>&nbsp;<\/p>\n<p><a href=\"https:\/\/www.centroeleia.edu.mx\/blog\/wp-content\/uploads\/2021\/01\/Metapsychological-Perspectives-on-Psychic-Survival-Integration-of-Traumatic-Helplessness-in-Psychoanalysis.jpg\"><img decoding=\"async\" loading=\"lazy\" class=\"size-medium wp-image-7008 aligncenter\" src=\"https:\/\/www.centroeleia.edu.mx\/blog\/wp-content\/uploads\/2021\/01\/Metapsychological-Perspectives-on-Psychic-Survival-Integration-of-Traumatic-Helplessness-in-Psychoanalysis-200x300.jpg\" alt=\"\" width=\"200\" height=\"300\" srcset=\"https:\/\/www.centroeleia.edu.mx\/blog\/wp-content\/uploads\/2021\/01\/Metapsychological-Perspectives-on-Psychic-Survival-Integration-of-Traumatic-Helplessness-in-Psychoanalysis-200x300.jpg 200w, https:\/\/www.centroeleia.edu.mx\/blog\/wp-content\/uploads\/2021\/01\/Metapsychological-Perspectives-on-Psychic-Survival-Integration-of-Traumatic-Helplessness-in-Psychoanalysis-682x1024.jpg 682w, https:\/\/www.centroeleia.edu.mx\/blog\/wp-content\/uploads\/2021\/01\/Metapsychological-Perspectives-on-Psychic-Survival-Integration-of-Traumatic-Helplessness-in-Psychoanalysis-768x1152.jpg 768w, https:\/\/www.centroeleia.edu.mx\/blog\/wp-content\/uploads\/2021\/01\/Metapsychological-Perspectives-on-Psychic-Survival-Integration-of-Traumatic-Helplessness-in-Psychoanalysis.jpg 933w\" sizes=\"(max-width: 200px) 100vw, 200px\" \/><\/a><\/p>\n<p><strong>&nbsp;Libro: <\/strong>Salonen, S. (2018). <em>Metapsychological Perspectives on Psychic Survival Integration of Traumatic Helplessness in Psychoanalysis<\/em>. Londres-Nueva York: Routledge.<\/p>\n<p>Este libro explora la integraci\u00f3n de la impotencia traum\u00e1tica en el proceso del tratamiento psicoterap\u00e9utico. Basado en los muchos a\u00f1os de experiencia del autor trabajando con pacientes psic\u00f3ticos y severamente traumatizados, este libro ofrece pautas para abordar el trauma ps\u00edquico extremo en el \u00e1mbito terap\u00e9utico.<\/p>\n<p>Simo Salonen vincula la representaci\u00f3n ps\u00edquica de los fen\u00f3menos pulsionales elementales y el pensamiento metaf\u00f3rico con la identificaci\u00f3n primaria entendida como un modo de encontrar objetos. El colapso de esta conexi\u00f3n significa un trauma ps\u00edquico radical, la integraci\u00f3n de aquello que est\u00e1 en la continuidad temporal de la vida de un individuo es una tarea esencial en el psicoan\u00e1lisis.<\/p>\n<p>Otro elemento clave de este libro es la noci\u00f3n de Salonen sobre la matriz representativa primaria, haciendo referencia al recurso del narcisismo primario con el que el individuo se ha dotado, cargando significados vitales. Tambi\u00e9n se explora el trabajo crucial del duelo, como el resultado del cual el empobrecimiento ego puede recobrar sus recursos narcisistas primarios.<\/p>\n<p>Por medio de ideas de n\u00fameros casos de estudio, Salonen ofrece una nueva manera de comprender el trauma severo, la cual puede utilizarse tanto para la teor\u00eda psicoanal\u00edtica como a la pr\u00e1ctica m\u00e9dica. Este libro ser\u00e1 de gran inter\u00e9s para los psicoanalistas y los psicoterapeutas psicoanal\u00edticos.<\/p>\n<p><strong>&nbsp;<\/strong><\/p>\n<p><strong>\u00cdndice<\/strong><\/p>\n<p>&nbsp;<\/p>\n<p>Prefacio<\/p>\n<ol>\n<li>Delineando un espacio conceptual: una introducci\u00f3n<\/li>\n<li>Sobre la metapsicolog\u00eda de la esquizofrenia<\/li>\n<li>Enfrentando la realidad: reconsideraci\u00f3n de la ansiedad por castraci\u00f3n<\/li>\n<li>La restituci\u00f3n de la identificaci\u00f3n primaria en psicoan\u00e1lisis<\/li>\n<li>La reconstrucci\u00f3n del trauma ps\u00edquico<\/li>\n<li>La recuperaci\u00f3n del afecto y el conflicto estructural<\/li>\n<li>Comprendiendo el desorden psic\u00f3tico<\/li>\n<li>El n\u00facleo vulnerable: el deseo inconsciente reconsiderado<\/li>\n<li>Sobre las pulsiones destructivas: un estudio de la agresi\u00f3n humana<\/li>\n<li>El cuerpo y el sentido de la realidad<\/li>\n<li>El padre ausente en la transferencia: un estudio de caso de identificaci\u00f3n primaria y supervivencia ps\u00edquica<\/li>\n<li>Sobre la metapsicolog\u00eda de la supervivencia ps\u00edquica<\/li>\n<li>Reconciliaci\u00f3n con el pasado<\/li>\n<\/ol>\n<p>&nbsp;<\/p>\n<p><a href=\"https:\/\/www.centroeleia.edu.mx\/blog\/wp-content\/uploads\/2021\/01\/Psychoanalysis-and-the-Unrepresentable-From-Culture-to-the-Clinic.jpg\"><img decoding=\"async\" loading=\"lazy\" class=\"size-medium wp-image-7009 aligncenter\" src=\"https:\/\/www.centroeleia.edu.mx\/blog\/wp-content\/uploads\/2021\/01\/Psychoanalysis-and-the-Unrepresentable-From-Culture-to-the-Clinic-198x300.jpg\" alt=\"\" width=\"198\" height=\"300\" srcset=\"https:\/\/www.centroeleia.edu.mx\/blog\/wp-content\/uploads\/2021\/01\/Psychoanalysis-and-the-Unrepresentable-From-Culture-to-the-Clinic-198x300.jpg 198w, https:\/\/www.centroeleia.edu.mx\/blog\/wp-content\/uploads\/2021\/01\/Psychoanalysis-and-the-Unrepresentable-From-Culture-to-the-Clinic-676x1024.jpg 676w, https:\/\/www.centroeleia.edu.mx\/blog\/wp-content\/uploads\/2021\/01\/Psychoanalysis-and-the-Unrepresentable-From-Culture-to-the-Clinic-768x1164.jpg 768w, https:\/\/www.centroeleia.edu.mx\/blog\/wp-content\/uploads\/2021\/01\/Psychoanalysis-and-the-Unrepresentable-From-Culture-to-the-Clinic.jpg 924w\" sizes=\"(max-width: 198px) 100vw, 198px\" \/><\/a><\/p>\n<p><strong>Libro: <\/strong>Piotrowska, A. y Tyrer, B. (eds.). (2016). <em>Psychoanalysis and the Unrepresentable From Culture to the Clinic<\/em>. Londres-Nueva York: Routledge.<\/p>\n<p>Este libro abre un espacio para el significativo debate en torno a la traducci\u00f3n de conceptos psicoanal\u00edticos del trabajo de cl\u00ednicos al de los acad\u00e9micos y viceversa. Enfoc\u00e1ndose en la idea de lo irrepresentable, esta colecci\u00f3n de ensayos escritos por psicoanalistas, psicoterapeutas, consejeros, artistas y estudiosos del cine y la literatura intentan reflexionar sobre aquellas cosas que son imposibles de pensar por completo.<\/p>\n<p>Ofreciendo una visi\u00f3n \u00fanica sobre \u00e1reas como los estudios del trauma, donde es dif\u00edcil, si no imposible, expresar los sentimientos de uno, la colecci\u00f3n toma como base el psicoan\u00e1lisis en su sentido m\u00e1s amplio y act\u00faa como un gesto contra lo fijo y lo congelado. Este libro se presenta en seis partes: acercamiento al trauma, sentido y gesto, po\u00e9tica imposible, sin palabras, heridas y sutura y auto\/ficci\u00f3n. Los cap\u00edtulos en ellos abordan temas que incluyen el tacto y el habla, la adopci\u00f3n, el otro y el dolor, y examinan pel\u00edculas como <em>Milk<\/em> de Gus Van Sant y <em>Amour<\/em> de Michael Haneke. En su conjunto, el libro pone de relieve aquellas cosas de las que es dif\u00edcil hablar, pero de las que es necesario hacerlo.<\/p>\n<p>La discusi\u00f3n en este libro ser\u00e1 una lectura clave para los psicoanalistas, incluyendo a aquellos en formaci\u00f3n, psicoterapeutas y acad\u00e9micos comprometidos con la psicoterapia, acad\u00e9micos y estudiantes de estudios culturales, estudios psicosociales, filosof\u00eda aplicada y estudios cinematogr\u00e1ficos, cineastas y artistas.<\/p>\n<p>&nbsp;<\/p>\n<p><strong>\u00cdndice<\/strong><\/p>\n<p>&nbsp;<\/p>\n<p>Introducci\u00f3n: representando lo irrepresentable, Agnieszka Piotrowska y Ben Tyrer<\/p>\n<ol>\n<li>El cuerpo bloqueado por la falta de significado, Katrine Zeuthen and Marie Hagelskj\u00e6r<\/li>\n<li>Trauma sin un sujeto: sobre Malabou, psicoan\u00e1lisis y <em>Amour<\/em><\/li>\n<li>Una manera posible de representar lo no-representable en el trauma cl\u00ednico, Yaelle Sibony-Malpertu<\/li>\n<li>(No)Representar lo real: ver sonidos y escuchar im\u00e1genes, Thomas Elsaesser<\/li>\n<li>Sobre el tacto y el habla en el (Post) discurso colonial: de Lessing a Marechera y Veit-Wild, Agnieszka Piotrowska<\/li>\n<li>Apuntando al otro, Goran Vrane\u0161evi\u0107<\/li>\n<li>\u00bfEs la po\u00e9tica una ficci\u00f3n sobre la verdad, en un poema? Algunas observaciones sobre Paul Celan, Ren\u00e9 Rasmussen<\/li>\n<li>Representar lo irrepresentable en formas presentables, Pia Hyl\u00e9n<\/li>\n<li>Duras y el arte de lo imposible, Carin Franz\u00e9n<\/li>\n<li>Representaci\u00f3n sin lenguaje: Freud y el problema de la imagen, Annie Hardy<\/li>\n<li>Comprender sin palabras, John Miller<\/li>\n<li>Repensar la herida primordial, el trauma y la fantas\u00eda de la plenitud: experiencias de mujeres adoptadas al conocer a sus padres biol\u00f3gicos en la edad adulta, Elizabeth Hughes<\/li>\n<li>Encarnando paisajes de duelos traum\u00e1ticos, Per Roar<\/li>\n<li>Sutura y <em>Milk<\/em> de Gus Van Sant, Richard Rushton<\/li>\n<li>Innombrable, Anna Backman Rogers<\/li>\n<li>Un d\u00eda a la vez, Myna Trustram<\/li>\n<li>La esencia de la filosof\u00eda Birthe Tranberg Nikolajsen Gregersen<\/li>\n<\/ol>\n<p>&nbsp;<\/p>\n<p><strong>Marzo<\/strong><\/p>\n<p><a href=\"https:\/\/www.centroeleia.edu.mx\/blog\/wp-content\/uploads\/2021\/01\/Psychoanalysis-on-Line-3.jpg\"><img decoding=\"async\" loading=\"lazy\" class=\"size-medium wp-image-6860 aligncenter\" src=\"https:\/\/www.centroeleia.edu.mx\/blog\/wp-content\/uploads\/2021\/01\/Psychoanalysis-on-Line-3-198x300.jpg\" alt=\"\" width=\"198\" height=\"300\" srcset=\"https:\/\/www.centroeleia.edu.mx\/blog\/wp-content\/uploads\/2021\/01\/Psychoanalysis-on-Line-3-198x300.jpg 198w, https:\/\/www.centroeleia.edu.mx\/blog\/wp-content\/uploads\/2021\/01\/Psychoanalysis-on-Line-3.jpg 350w\" sizes=\"(max-width: 198px) 100vw, 198px\" \/><\/a><\/p>\n<p><strong>Clasificaci\u00f3n Eleia: <\/strong>Plantel Norte: 205209<strong>\/<\/strong>Plantel Sur: 104334<\/p>\n<p><strong>Libro: <\/strong>Savege Scharff, J. (2017). <em>Psychoanalysis Online 3: The Teleanalytic Setting.<\/em> Londres-Nueva York: Routledge.<\/p>\n<p>Este libro resulta extremadamente de actualidad, continuando con la conversaci\u00f3n en torno al papel que desempe\u00f1a la tecnolog\u00eda dentro del psicoan\u00e1lisis y su enorme potencial para llegar a los pacientes en la econom\u00eda global. Describe lo necesario de un marco para que el telean\u00e1lisis sea seguro en t\u00e9rminos de tecnolog\u00eda y postura \u00e9tica. La tecnolog\u00eda es un tercero en la alianza terap\u00e9utica y su impacto requiere ser analizado como cualquier otro elemento en el campo. Para algunas personas el telean\u00e1lisis es una metodolog\u00eda distanciante, pero hay autores que dan parte de una sorprendente cercan\u00eda a trav\u00e9s de la distancia. El telean\u00e1lisis ofrece una ventana a la experiencia del tiempo de los pares anal\u00edticos, espacio, privaci\u00f3n, fantas\u00eda, y vitalidad, y muestra las din\u00e1micas inconscientes exhibidas gr\u00e1ficamente en la imagen de la pantalla. El libro apunta hacia la comodidad y el impacto del uso de Internet entre diversas comunidades incluida la LGBRQI en t\u00e9rminos de defensa y transici\u00f3n a la intimidad, y ofrece evidencia cl\u00ednica de que la transformaci\u00f3n fue posible a trav\u00e9s de aspectos terap\u00e9uticos de la tecnolog\u00eda.<\/p>\n<p><em>\u00cdndice<\/em><\/p>\n<p>Introducci\u00f3n<\/p>\n<p>Telean\u00e1lisis m\u00e1s all\u00e1 de Skype<\/p>\n<p>Di\u00e1logo anal\u00edtico: sus m\u00faltiples transformaciones. Implementaci\u00f3n cl\u00ednica a trav\u00e9s de la telecomunicaci\u00f3n<\/p>\n<p>Privacidad, telecomunicaciones y el entorno psicoanal\u00edtico<\/p>\n<p>La cercan\u00eda del analista en el psicoan\u00e1lisis a distancia<\/p>\n<p>Luz y sombra en el an\u00e1lisis en l\u00ednea<\/p>\n<p>El espacio y lugar del tratamiento psicoanal\u00edtico: una meditaci\u00f3n filos\u00f3fica<\/p>\n<p>El efecto de la presencia f\u00edsica compartida de la pareja anal\u00edtica en la fantas\u00eda transferencial<\/p>\n<p>El escenario, la pantalla y la transmisi\u00f3n de la din\u00e1mica inconsciente<\/p>\n<p>Tecnolog\u00eda: conveniencia y apalancamiento terap\u00e9utico<\/p>\n<p>Im\u00e1genes de pantalla: uso de Internet transitorio y defensivo entre adolescentes y adultos LGBTQ<\/p>\n<p>Entornos de psicoterapia de pareja y cambio en la era digital<\/p>\n<p>Alianza auditiva y terap\u00e9utica online<\/p>\n<p>Comentario<\/p>\n<p>Pensar \u00e9ticamente sobre concluir la terapia despu\u00e9s de probar nuevas tecnolog\u00edas<\/p>\n<p>&nbsp;<\/p>\n<p><a href=\"https:\/\/www.centroeleia.edu.mx\/blog\/wp-content\/uploads\/2021\/01\/models-of-brief-psychodynamic-therapy-a-comparative-approach-scaled.jpg\"><img decoding=\"async\" loading=\"lazy\" class=\"size-medium wp-image-6861 aligncenter\" src=\"https:\/\/www.centroeleia.edu.mx\/blog\/wp-content\/uploads\/2021\/01\/models-of-brief-psychodynamic-therapy-a-comparative-approach-200x300.jpg\" alt=\"\" width=\"200\" height=\"300\" srcset=\"https:\/\/www.centroeleia.edu.mx\/blog\/wp-content\/uploads\/2021\/01\/models-of-brief-psychodynamic-therapy-a-comparative-approach-200x300.jpg 200w, https:\/\/www.centroeleia.edu.mx\/blog\/wp-content\/uploads\/2021\/01\/models-of-brief-psychodynamic-therapy-a-comparative-approach-682x1024.jpg 682w, https:\/\/www.centroeleia.edu.mx\/blog\/wp-content\/uploads\/2021\/01\/models-of-brief-psychodynamic-therapy-a-comparative-approach-768x1153.jpg 768w, https:\/\/www.centroeleia.edu.mx\/blog\/wp-content\/uploads\/2021\/01\/models-of-brief-psychodynamic-therapy-a-comparative-approach-1023x1536.jpg 1023w, https:\/\/www.centroeleia.edu.mx\/blog\/wp-content\/uploads\/2021\/01\/models-of-brief-psychodynamic-therapy-a-comparative-approach-1364x2048.jpg 1364w, https:\/\/www.centroeleia.edu.mx\/blog\/wp-content\/uploads\/2021\/01\/models-of-brief-psychodynamic-therapy-a-comparative-approach-scaled.jpg 1705w\" sizes=\"(max-width: 200px) 100vw, 200px\" \/><\/a><\/p>\n<p><strong>Clasificaci\u00f3n Eleia: <\/strong>Plantel Norte: 204425.1<strong>\/<\/strong>Plantel Sur: 103727.1<\/p>\n<p><strong>Libro:<\/strong> Messer, S. B. y Warren C. S. (1998<em>). Models of Brief Psychodynamic Therapy: A Comparative Approach<\/em>. Nueva York: Guilford Press.<\/p>\n<p>Este pr\u00e1ctico y erudito texto presenta una completa cr\u00edtica y evaluaci\u00f3n de la teor\u00eda, investigaci\u00f3n y pr\u00e1ctica de psicoterapia breve orientada psicodin\u00e1micamente. Brinda discusiones exhaustivas sobre los acercamientos te\u00f3ricos y cl\u00ednicos importantes, los cap\u00edtulos exploran similitudes y diferencias en la selecci\u00f3n de pacientes, teor\u00edas de personalidad y psicopatolog\u00eda, teor\u00eda del cambio y t\u00e9cnicas de terapia. Asimismo, aborda cuestiones generales en torno a la eficacia de cada acercamiento y pone especial atenci\u00f3n en el tratamiento de pacientes \u201cdif\u00edciles\u201d, ni\u00f1os, adolescentes y adultos mayores. Este libro ser\u00e1 de gran valor para m\u00e9dicos, educadores y estudiantes en los campos de psicolog\u00eda cl\u00ednica y de consejer\u00eda, psiquiatr\u00eda, trabajo social, enfermer\u00eda psiqui\u00e1trica y consejer\u00eda pastoral.<\/p>\n<p><em>\u00cdndice<\/em><\/p>\n<p>I. Introducci\u00f3n<\/p>\n<p>1. El advenimiento de la terapia psicodin\u00e1mica breve<\/p>\n<p>II. Modelos b\u00e1sicos de terapia psicodin\u00e1mica breve<\/p>\n<p>2. El modelo impulsor\/estructural: Malan, Davanloo y Sifneos<\/p>\n<p>3. El modelo relacional: Luborsky, Horowitz, Weiss y Sampson, y Strupp y Binder<\/p>\n<p>III. Modelos integradores y ecl\u00e9cticos de terapia psicodin\u00e1mica breve<\/p>\n<p>4. Un modelo psicoanal\u00edtico integrador: Mann<\/p>\n<p>5. Enfoques ecl\u00e9cticos: Garfield, Bellak y Gustafson<\/p>\n<p>IV. Temas especiales en breve Terapia psicodin\u00e1mica<\/p>\n<p>6. Evaluaci\u00f3n y tratamiento del paciente dif\u00edcil<\/p>\n<p>7. Tratamiento de ni\u00f1os, adolescentes y ancianos: un enfoque del desarrollo a lo largo de la vida<\/p>\n<p>8. Ep\u00edlogo: \u00bfAd\u00f3nde? (\u00bfse marchita?) \u00bfPsicoterapia?<\/p>\n<p>&nbsp;<\/p>\n<p><a href=\"https:\/\/www.centroeleia.edu.mx\/blog\/wp-content\/uploads\/2021\/01\/Trauma.-Un-estudio-hist\u00f3rico-en-torno-a-Sigmund-Freud.jpg\"><img decoding=\"async\" loading=\"lazy\" class=\"size-medium wp-image-6862 aligncenter\" src=\"https:\/\/www.centroeleia.edu.mx\/blog\/wp-content\/uploads\/2021\/01\/Trauma.-Un-estudio-hist\u00f3rico-en-torno-a-Sigmund-Freud-191x300.jpg\" alt=\"\" width=\"191\" height=\"300\" srcset=\"https:\/\/www.centroeleia.edu.mx\/blog\/wp-content\/uploads\/2021\/01\/Trauma.-Un-estudio-hist\u00f3rico-en-torno-a-Sigmund-Freud-191x300.jpg 191w, https:\/\/www.centroeleia.edu.mx\/blog\/wp-content\/uploads\/2021\/01\/Trauma.-Un-estudio-hist\u00f3rico-en-torno-a-Sigmund-Freud.jpg 326w\" sizes=\"(max-width: 191px) 100vw, 191px\" \/><\/a><\/p>\n<p><strong>Clasificaci\u00f3n Eleia: <\/strong>Plantel Norte: 205188<strong>\/<\/strong>Plantel Sur: 104257.5<\/p>\n<p><strong>Libro: <\/strong>Sanfelippo, L. (2018). <em>Trauma: Un estudio hist\u00f3rico en torno a Sigmund Freud<\/em>. Buenos Aires: Mi\u00f1o y D\u00e1vila.<\/p>\n<p>En los \u00faltimos a\u00f1os, el t\u00e9rmino \u201ctrauma\u201d devino una de las palabras claves de la cultura occidental. Cuando una persona o un grupo atraviesan una experiencia que parece conmover los cimientos en los que hasta entonces se sustentaba su vida, su utilizaci\u00f3n parece imponerse, como si se tratara de una idea pr\u00edstina y autoevidente. Subjetividades que se construyen en torno a un suceso pret\u00e9rito que sigue siendo actual, o pueblos que viven hoy las consecuencias presentes (demasiado presentes) de lo sufrido en el pasado; en ambos terrenos, la noci\u00f3n es convocada a explicar una alteraci\u00f3n particular de la memoria y del funcionamiento an\u00edmico, convirti\u00e9ndose en una de las categor\u00edas provenientes de los discursos \u201cpsi\u201d que m\u00e1s acogida ha tenido en el pensamiento contempor\u00e1neo. Sin embargo, el \u201ctrauma\u201d no ser\u00eda un concepto acabado, un\u00edvoco, id\u00e9ntico en todo tiempo y lugar, sino una noci\u00f3n imprecisa y abierta, que remite a m\u00faltiples objetos, situaciones y usos. El presente libro, sito en el cruce entre psicoan\u00e1lisis e historia, traza distintos recorridos para intentar bordear e indagar el campo de problemas condensados en torno a esta categor\u00eda fetiche. Por ello mismo, invita a m\u00faltiples lecturas. Constituye, en primer lugar, un estudio psicoanal\u00edtico de las concepciones y las pr\u00e1cticas sobre el trauma delineadas por Sigmund Freud y sus interlocutores. Al mismo tiempo, fue proyectado y escrito como una indagaci\u00f3n estrictamente hist\u00f3rica sobre las transformaciones sufridas por esa noci\u00f3n en el per\u00edodo comprendido entre 1866 y 1939. Finalmente, pretende erigirse como una introducci\u00f3n a los problemas historiogr\u00e1ficos y conceptuales que suscita la utilizaci\u00f3n del trauma en el terreno de la historia contempor\u00e1nea. Estas m\u00faltiples dimensiones adelantan la pretensi\u00f3n de que el libro pueda llegar a un p\u00fablico amplio, compuesto por profesionales del campo de la salud mental, psicoanalistas, historiadores de las disciplinas \u201cpsi\u201d, investigadores del pasado reciente y todos los interesados en una tem\u00e1tica que devino central en los debates cl\u00ednicos, memor\u00edsticos, historiogr\u00e1ficos y pol\u00edticos de los \u00faltimos cincuenta a\u00f1os.<\/p>\n<p><em>\u00cdndice<\/em><\/p>\n<p>Introducci\u00f3n<\/p>\n<ol>\n<li>Problemas en torno al trauma<\/li>\n<li>Abordajes previos<\/li>\n<li>Hip\u00f3tesis preliminares<\/li>\n<li>Breves precisiones metodol\u00f3gicas<\/li>\n<li>Organizaci\u00f3n interna<\/li>\n<\/ol>\n<p>CAP\u00cdTULO I: Trauma mec\u00e1nico, trauma ps\u00edquico.<\/p>\n<p>Los accidentes del ferrocarril y la histeria (1866-1889)<\/p>\n<ol>\n<li>Las v\u00edas traum\u00e1ticas<\/li>\n<li>\u00bfDa\u00f1o real o simulaci\u00f3n? John Eric Erichsen<\/li>\n<li>El lazo buscado entre el accidente, la lesi\u00f3n y los s\u00edntomas<\/li>\n<li>Cuando la sesi\u00f3n no alcanza para explicar<\/li>\n<li>De la lesi\u00f3n anat\u00f3mica al <em>shock<\/em> general nervioso: la perturbaci\u00f3n <em>funcional<\/em><\/li>\n<li>Trauma e histeria en la Salp\u00eatri\u00e8re<\/li>\n<li>La hipnosis como t\u00e9cnica de investigaci\u00f3n y como modelo de pensamiento<\/li>\n<li>El papel de las ideas<\/li>\n<li>El trauma como categor\u00eda nosogr\u00e1fica espec\u00edfica<\/li>\n<\/ol>\n<p>CAP\u00cdTULO II: Trauma y memoria.<\/p>\n<p>El debate Janet-Freud (1889-1895\/1913-1914)<\/p>\n<ol>\n<li>Janet y el automatismo psicol\u00f3gico (1889)<\/li>\n<li>Freud y la cl\u00ednica de las neurosis (1886-1892)<\/li>\n<li>El debate conceptual entre Janet y Freud (1892-1894): \u00bfdebilidad o defensa?\/\u00bfherencia o trauma?<\/li>\n<li>El debate terap\u00e9utico entre Janet y Freud (1894-1895): <em>algo m\u00e1s<\/em> que recordar<\/li>\n<li>La repetici\u00f3n del debate, veinte a\u00f1os despu\u00e9s (1913-1914)<\/li>\n<\/ol>\n<p>CAP\u00cdTULO III: De la b\u00fasqueda de la causa sexual al problema de los relatos traum\u00e1ticos. En torno a las versiones de la <em>Neur\u00f3tica<\/em> y su abandono (1896-1933)<\/p>\n<ol>\n<li><em>Neur\u00f3tica<\/em>: una teor\u00eda general de las neurosis centrada en la etiolog\u00eda<\/li>\n<li>Un mecanismo que no define etiolog\u00eda. Una terapia no causal<\/li>\n<li>La v\u00eda fisiol\u00f3gica 1: las neurosis actuales<\/li>\n<li>La v\u00eda fisiol\u00f3gica 2: el \u201cProyecto de Psicolog\u00eda para Neur\u00f3logos\u201d<\/li>\n<li>La <em>Neur\u00f3tica<\/em>: una teor\u00eda etiol\u00f3gica que explicar\u00eda la represi\u00f3n<\/li>\n<li>Un trauma <em>nachtr\u00e4glich<\/em><\/li>\n<li>\u00bfRealidad o fantas\u00eda? Distintas maneras de interpretar esta disyunci\u00f3n<\/li>\n<li>Las versiones de la d\u00e9cadas del \u201920 y del \u201830<\/li>\n<li>Las versiones de las dos primeras d\u00e9cadas del siglo XX<\/li>\n<li>Las versiones originales<\/li>\n<li>Realidad y fantas\u00eda en el momento del distanciamiento con Jung<\/li>\n<\/ol>\n<p>CAP\u00cdTULO IV: Las neurosis de guerra y una nueva concepci\u00f3n econ\u00f3mica del trauma (1914-1920)<\/p>\n<p>Primera Parte. Los debates sobre las neurosis de guerra<\/p>\n<p>Segunda Parte. Resonancias de la guerra en la obra de Freud: hacia una nueva concepci\u00f3n del trauma<\/p>\n<ol>\n<li>Las resonancias \u00e9ticas: el an\u00e1lisis del electroshock<\/li>\n<li>Las resonancias conceptuales: una concepci\u00f3n econ\u00f3mica del trauma<\/li>\n<\/ol>\n<p>CAP\u00cdTULO V: Sobre los traumas colectivos. Persistencia y transmisi\u00f3n experiencias pret\u00e9ritas (1913 y 1939)<\/p>\n<ol>\n<li>Entre salvajes y neur\u00f3ticos: un lazo hist\u00f3rico<\/li>\n<li>Las marcas de la escritura de la historia<\/li>\n<li>La historia del monote\u00edsmo jud\u00edo y el trauma<\/li>\n<li>Las huellas de los traumas colectivos<\/li>\n<\/ol>\n<p>Conclusiones<\/p>\n<p><strong>Febrero<\/strong><\/p>\n<p><a href=\"https:\/\/www.centroeleia.edu.mx\/blog\/wp-content\/uploads\/2021\/01\/Psychoanalytic-Psychotherapy-Nancy-Mc.jpg\"><img decoding=\"async\" loading=\"lazy\" class=\"size-medium wp-image-6810 aligncenter\" src=\"https:\/\/www.centroeleia.edu.mx\/blog\/wp-content\/uploads\/2021\/01\/Psychoanalytic-Psychotherapy-Nancy-Mc-202x300.jpg\" alt=\"\" width=\"202\" height=\"300\" srcset=\"https:\/\/www.centroeleia.edu.mx\/blog\/wp-content\/uploads\/2021\/01\/Psychoanalytic-Psychotherapy-Nancy-Mc-202x300.jpg 202w, https:\/\/www.centroeleia.edu.mx\/blog\/wp-content\/uploads\/2021\/01\/Psychoanalytic-Psychotherapy-Nancy-Mc-690x1024.jpg 690w, https:\/\/www.centroeleia.edu.mx\/blog\/wp-content\/uploads\/2021\/01\/Psychoanalytic-Psychotherapy-Nancy-Mc-768x1140.jpg 768w, https:\/\/www.centroeleia.edu.mx\/blog\/wp-content\/uploads\/2021\/01\/Psychoanalytic-Psychotherapy-Nancy-Mc-1035x1536.jpg 1035w, https:\/\/www.centroeleia.edu.mx\/blog\/wp-content\/uploads\/2021\/01\/Psychoanalytic-Psychotherapy-Nancy-Mc-1379x2048.jpg 1379w, https:\/\/www.centroeleia.edu.mx\/blog\/wp-content\/uploads\/2021\/01\/Psychoanalytic-Psychotherapy-Nancy-Mc.jpg 1665w\" sizes=\"(max-width: 202px) 100vw, 202px\" \/><\/a><\/p>\n<p><strong>Clasificaci\u00f3n Eleia: <\/strong>Plantel Norte: 204285.1\/Plantel Sur: 103635.2<\/p>\n<p><strong>Libro:<\/strong> McWilliams, N. (2004). <em>Psychoanalytic Psychotherapy A Practitioner&#8217;s Guide<\/em>. Nueva York: Guilford Press.<\/p>\n<p>Al abordar el arte y la ciencia del tratamiento psicodin\u00e1mico, Nancy McWilliams desmenuza los principios esenciales de la pr\u00e1ctica cl\u00ednica, incluidas la escucha y el habla eficaces; transferencia y contratransferencia; seguridad emocional; y una actitud emp\u00e1tica y sintonizada hacia el paciente. El libro describe los valores, los supuestos y los hallazgos cl\u00ednicos y de investigaci\u00f3n que gu\u00edan la empresa psicoanal\u00edtica y muestra c\u00f3mo integrar elementos de otras perspectivas te\u00f3ricas. Discute las fases del tratamiento y cubre temas tan olvidados como educar al cliente sobre el proceso terap\u00e9utico, manejar desaf\u00edos complejos a los l\u00edmites y atender el autocuidado. Se presenta informaci\u00f3n compleja en un lenguaje personal y no t\u00e9cnico, que se enriquece en profundidad gracias a las vi\u00f1etas cl\u00ednicas, adem\u00e1s, es un trabajo psicoanal\u00edtico esencial y un texto de capacitaci\u00f3n para terapeutas.<\/p>\n<p>\u00cdndice<\/p>\n<ol>\n<li>\u00bfQu\u00e9 define una terapia psicoanal\u00edtica?<\/li>\n<li>La sensibilidad psicoanal\u00edtica<\/li>\n<li>La preparaci\u00f3n del terapeuta<\/li>\n<li>Preparar al cliente<\/li>\n<li>L\u00edmites I: El marco<\/li>\n<li>Procesos de terapia b\u00e1sica<\/li>\n<li>L\u00edmites II: dilemas<\/li>\n<li>Molly<\/li>\n<li>Donna<\/li>\n<li>Lecciones complementarias de la terapia psicoanal\u00edtica<\/li>\n<li>Riesgos laborales y gratificaciones<\/li>\n<li>Autocuidado<\/li>\n<\/ol>\n<p>&nbsp;<\/p>\n<p><a href=\"https:\/\/www.centroeleia.edu.mx\/blog\/wp-content\/uploads\/2021\/01\/Understanding-DavaloonS.jpg\"><img decoding=\"async\" loading=\"lazy\" class=\"size-medium wp-image-6808 aligncenter\" src=\"https:\/\/www.centroeleia.edu.mx\/blog\/wp-content\/uploads\/2021\/01\/Understanding-DavaloonS-200x300.jpg\" alt=\"\" width=\"200\" height=\"300\" srcset=\"https:\/\/www.centroeleia.edu.mx\/blog\/wp-content\/uploads\/2021\/01\/Understanding-DavaloonS-200x300.jpg 200w, https:\/\/www.centroeleia.edu.mx\/blog\/wp-content\/uploads\/2021\/01\/Understanding-DavaloonS.jpg 350w\" sizes=\"(max-width: 200px) 100vw, 200px\" \/><\/a><\/p>\n<p><strong>Clasificaci\u00f3n Eleia: <\/strong>Plantel Norte: 203505\/Plantel Sur: 102962.2<\/p>\n<p><strong>Libro:<\/strong> Hickey, C. (2017). <em>Understanding Davanloo&#8217;s Intensive Short-Term Dynamic Psychotherapy. A Guide for Clinicians<\/em>. Londres-Nueva York: Routledge.<\/p>\n<p>Este libro permite al lector presenciar lo que sucede en el programa de entrenamiento de circuito cerrado de Montreal. Incorpora los hallazgos de la investigaci\u00f3n reciente del Dr. Davanloo con sus descubrimientos t\u00e9cnicos y metapsicol\u00f3gicos publicados anteriormente.<\/p>\n<p>\u00cdndice<\/p>\n<p>Prefacio<\/p>\n<p>Principios te\u00f3ricos b\u00e1sicos de la psicoterapia din\u00e1mica intensiva a corto plazo de Davanloo: una introducci\u00f3n<\/p>\n<p>Una revisi\u00f3n de la metapsicolog\u00eda del inconsciente de Davanloo<\/p>\n<p>Los descubrimientos de Davanloo: una descripci\u00f3n general del programa de entrenamiento de circuito cerrado de Montreal<\/p>\n<p>Descubrimientos de Davanloo, 2005-2015: una descripci\u00f3n general de terminolog\u00eda y ense\u00f1anzas importantes<\/p>\n<p>Aplicaci\u00f3n de nuevos principios te\u00f3ricos<\/p>\n<p>La entrevista evaluativa inicial: la mayor movilizaci\u00f3n del inconsciente y la eliminaci\u00f3n total de la resistencia<\/p>\n<p>La neurosis de transferencia: Parte I<\/p>\n<p>Neurosis de transferencia: Parte II<\/p>\n<p>Cambios estructurales inconscientes multidimensionales: Parte I<\/p>\n<p>Las v\u00edas neurobiol\u00f3gicas de la ira y la culpa asesinas<\/p>\n<p>La neurosis de transferencia: Parte III<\/p>\n<p>La forma competitiva destructiva de la neurosis de transferencia<\/p>\n<p>La neurosis de transferencia: parte IV<\/p>\n<p>Organizaci\u00f3n defensiva inconsciente y lavado de cerebro.<\/p>\n<p>El duelo patol\u00f3gico y el inconsciente movilizado<\/p>\n<p>Transmisi\u00f3n intergeneracional de psicopatolog\u00eda<\/p>\n<p>El s\u00edndrome de \u201capartarse\u201d<\/p>\n<p>Siguiendo el rastro del inconsciente<\/p>\n<p>La destrucci\u00f3n neurobiol\u00f3gica del \u00fatero<\/p>\n<p>La resistencia del car\u00e1cter de la idealizaci\u00f3n de la destructividad<\/p>\n<p>Ser madre de la propia madre<\/p>\n<p>Cambios estructurales inconscientes multidimensionales: Parte II<\/p>\n<p>La neurosis de transferencia: Parte V<\/p>\n<p>La metapsicolog\u00eda del perd\u00f3n<\/p>\n<p>La neurosis de transferencia: Parte VI<\/p>\n<p>Direcciones futuras<\/p>\n<p>Educaci\u00f3n e investigaci\u00f3n en psicoterapia basada en competencias: una introducci\u00f3n<\/p>\n<p>Neuroimagen y psicoterapia din\u00e1mica intensiva a corto plazo: psicoterapia y cerebro<\/p>\n<p>&nbsp;<\/p>\n<p><a href=\"https:\/\/www.centroeleia.edu.mx\/blog\/wp-content\/uploads\/2021\/01\/Psychoanlalysis-OnLine-4.jpg\"><img decoding=\"async\" loading=\"lazy\" class=\"size-medium wp-image-6809 aligncenter\" src=\"https:\/\/www.centroeleia.edu.mx\/blog\/wp-content\/uploads\/2021\/01\/Psychoanlalysis-OnLine-4-200x300.jpg\" alt=\"\" width=\"200\" height=\"300\" srcset=\"https:\/\/www.centroeleia.edu.mx\/blog\/wp-content\/uploads\/2021\/01\/Psychoanlalysis-OnLine-4-200x300.jpg 200w, https:\/\/www.centroeleia.edu.mx\/blog\/wp-content\/uploads\/2021\/01\/Psychoanlalysis-OnLine-4.jpg 350w\" sizes=\"(max-width: 200px) 100vw, 200px\" \/><\/a><\/p>\n<p><strong>Clasificaci\u00f3n Eleia: <\/strong>Plantel Norte: 205209.1<strong>\/<\/strong>Plantel Sur: 104334.1<\/p>\n<p><strong>Libro:<\/strong> Savege Scharff, J. (ed). (2019). <em>Psychoanalysis Online 4. Teleanalytic Practice, Teaching, and Clinical Research<\/em>. Londres-Nueva York: Routledge.<\/p>\n<p>Este libro aporta una perspectiva de investigaci\u00f3n sistem\u00e1tica y cualitativa a la cuesti\u00f3n de la eficacia de la teleterapia, el telean\u00e1lisis y la teleense\u00f1anza. Sugiere que, contrariamente a algunos argumentos tradicionales, el tratamiento, la ense\u00f1anza y la supervisi\u00f3n eficaces pueden tener lugar de forma remota; que el afecto y la imaginaci\u00f3n son m\u00e1s importantes que la presencia f\u00edsica.<\/p>\n<p>Proporciona teor\u00edas de la acci\u00f3n terap\u00e9utica, as\u00ed como reflexiones filos\u00f3ficas, el libro presenta ejemplos de casos cl\u00ednicos en l\u00ednea, incluidas intervenciones de crisis por correo electr\u00f3nico, y tiene como objetivo estimular la apertura a la innovaci\u00f3n, el proceso responsable y la revisi\u00f3n. Cada colaborador presenta su investigaci\u00f3n cl\u00ednica cualitativa y los resultados del estudio de la encuesta. El modelo de tres niveles de Bernardi, desarrollado para evaluar el cambio terap\u00e9utico en el entorno anal\u00edtico tradicional, se aplica al estudio del telean\u00e1lisis con diferentes pacientes. Se descubre que, en la videoconferencia o incluso en la comunicaci\u00f3n por correo electr\u00f3nico, la sensaci\u00f3n de cercan\u00eda en el encuentro terap\u00e9utico no depende de la proximidad f\u00edsica sino de la integridad y el compromiso.<\/p>\n<p>El libro concluye con los resultados de una investigaci\u00f3n sobre la eficacia de la videoconferencia en comparaci\u00f3n con los entornos en el aula para ense\u00f1ar psicodin\u00e1mica, supervisar la psicoterapia y realizar psicoterapia con estudiantes chinos. Ser\u00e1 de gran inter\u00e9s para una variedad de profesionales e investigadores que ejercen de forma remota, con especial relevancia para aquellos ubicados en los campos del psicoan\u00e1lisis y la psicoterapia.<\/p>\n<p>\u00cdndice<\/p>\n<p>Introducci\u00f3n<\/p>\n<ol>\n<li>Janine Wanlass (EUA): Evaluaci\u00f3n del alcance y la pr\u00e1ctica del telean\u00e1lisis: hallazgos preliminares de la investigaci\u00f3n<\/li>\n<\/ol>\n<p>Horst K\u00e4chele (Alemania): Comentario<\/p>\n<ol start=\"2\">\n<li>Betty Benaim (Panam\u00e1) and Jill Savege Scharff (EUA): Sesiones teleanal\u00edticas para inmovilidad repentina<\/li>\n<li>Jack Novick (EUA): Sadomasoquismo en la tecnolog\u00eda a distancia<\/li>\n<\/ol>\n<p>Carlos Ernesto Barredo (Argentina): Comentario<\/p>\n<p>Caroline M. Sehon (EUA): Comentario<\/p>\n<ol start=\"4\">\n<li>Horst K\u00e4chele (Alemania): Establecer una relaci\u00f3n psicoterap\u00e9utica por correo electr\u00f3nico<\/li>\n<\/ol>\n<p>Sharon Blum (EUA): Comentario<\/p>\n<ol start=\"5\">\n<li>Asbed Aryan (Argentina y Armenia): Proceso psicoanal\u00edtico en ciber-tecnolog\u00eda<\/li>\n<li>Liliana Manguel (Argentina): Proximidad y distancia en teleterapia<\/li>\n<li>Chris Vincent, Mary Barnett, Louisa Killpack, Amita Sehgal, and Penni Swinden (Reino Unido): El impacto de la tecnolog\u00eda en la pr\u00e1ctica privada de la psicoterapia<\/li>\n<\/ol>\n<p>David E. Scharff (EUA): Comentario<\/p>\n<ol start=\"8\">\n<li>Robert Gordon (EUA), Xiubing Wang (China) and Jane Tune (China): El impacto de la tecnolog\u00eda en la pr\u00e1ctica privada de la psicoterapia<\/li>\n<\/ol>\n<p>Janine Wanlass (EUA): Comentario<\/p>\n<ol start=\"9\">\n<li>Robert Gordon (EUA) and Jing Lan (China): El efecto del entrenamiento a distancia en el desarrollo de psicoterapeutas psicodin\u00e1micos<\/li>\n<\/ol>\n<p>Janine Wanlass (EUA): Comentario<\/p>\n<ol start=\"10\">\n<li>David E. Scharff (EUA): Ense\u00f1anza psicoanal\u00edtica por enlace de video y tel\u00e9fono<\/li>\n<\/ol>\n<p>&nbsp;<\/p>\n<p><strong>Enero<\/strong><\/p>\n<p><strong><a href=\"https:\/\/www.centroeleia.edu.mx\/blog\/wp-content\/uploads\/2021\/01\/A-Short-Introduction-to-Psychoanalysis.jpg\"><img decoding=\"async\" loading=\"lazy\" class=\"size-medium wp-image-6654 aligncenter\" src=\"https:\/\/www.centroeleia.edu.mx\/blog\/wp-content\/uploads\/2021\/01\/A-Short-Introduction-to-Psychoanalysis-200x300.jpg\" alt=\"\" width=\"200\" height=\"300\" srcset=\"https:\/\/www.centroeleia.edu.mx\/blog\/wp-content\/uploads\/2021\/01\/A-Short-Introduction-to-Psychoanalysis-200x300.jpg 200w, https:\/\/www.centroeleia.edu.mx\/blog\/wp-content\/uploads\/2021\/01\/A-Short-Introduction-to-Psychoanalysis.jpg 350w\" sizes=\"(max-width: 200px) 100vw, 200px\" \/><\/a><\/strong><\/p>\n<p><strong>Clasificaci\u00f3n Eleia: <\/strong>Plantel Norte: 202044.1\/Plantel Sur: 101816.6<\/p>\n<p><strong>Libro:<\/strong> Civitarese, G. y Ferro, A. (2020). <em>A Short Introduction to Psychoanalysis<\/em>. Londres-Nueva York: Routledge.<\/p>\n<p>La ciencia del psicoan\u00e1lisis cuenta con m\u00e1s de un siglo de edad. A lo largo de este periodo, se ha consolidado como el instrumento proveedor de la comprensi\u00f3n m\u00e1s profunda de la mente humana, y como la herramienta m\u00e1s eficaz para tratar sufrimiento ps\u00edquico que tenemos a nuestra disposici\u00f3n. <em>Una breve introducci\u00f3n al psicoan\u00e1lisis<\/em> ofrece a los lectores una introducci\u00f3n a esta disciplina extraordinariamente interesante.<\/p>\n<p>En este breve volumen, Giuseppe Civitarese y Antonino Ferro exploran el psicoan\u00e1lisis, que es al mismo tiempo una teor\u00eda de los procesos ps\u00edquicos inconscientes, una t\u00e9cnica para investigarlos y un m\u00e9todo para curar diversas formas de sufrimiento ps\u00edquico, explicando algunos de sus temas principales. e ideas. Como \u00fanico texto introductorio a la cada vez m\u00e1s popular teor\u00eda posbioniana del campo anal\u00edtico, <em>Una breve introducci\u00f3n al psicoan\u00e1lisis<\/em> examina la teor\u00eda de los sue\u00f1os, el concepto del inconsciente, la cl\u00ednica psicoanal\u00edtica, el an\u00e1lisis de ni\u00f1os y adolescentes y la historia de psicoan\u00e1lisis.<\/p>\n<p>Al tratar de dar una idea amplia de lo que es el psicoan\u00e1lisis, en qu\u00e9 se ha convertido y la direcci\u00f3n que puede tomar en el futuro, este libro atraer\u00e1 a todos aquellos curiosos acerca de esta fascinante disciplina, y est\u00e1 especialmente dirigido a estudiantes de psicolog\u00eda, humanidades, y de institutos psicoanal\u00edticos, as\u00ed como psicoanalistas y psicoterapeutas calificados.<\/p>\n<p>\u00cdndice<\/p>\n<p>Introducci\u00f3n<\/p>\n<ol>\n<li>\u00bfQu\u00e9 es psicoan\u00e1lisis?<\/li>\n<li>La invenci\u00f3n del inconsciente<\/li>\n<li>Sue\u00f1o y campo emocional<\/li>\n<li>Las herramientas del tratamiento<\/li>\n<li>El an\u00e1lisis de ni\u00f1os y adolescentes<\/li>\n<li>\u00bfUno o muchos psicoan\u00e1lisis?<\/li>\n<\/ol>\n<p>&nbsp;<\/p>\n<p><a href=\"https:\/\/www.centroeleia.edu.mx\/blog\/wp-content\/uploads\/2021\/01\/A-Psychoanalytic-Approach-to-Treating-Psychosis.jpg\"><img decoding=\"async\" loading=\"lazy\" class=\"size-medium wp-image-6655 aligncenter\" src=\"https:\/\/www.centroeleia.edu.mx\/blog\/wp-content\/uploads\/2021\/01\/A-Psychoanalytic-Approach-to-Treating-Psychosis-199x300.jpg\" alt=\"\" width=\"199\" height=\"300\" srcset=\"https:\/\/www.centroeleia.edu.mx\/blog\/wp-content\/uploads\/2021\/01\/A-Psychoanalytic-Approach-to-Treating-Psychosis-199x300.jpg 199w, https:\/\/www.centroeleia.edu.mx\/blog\/wp-content\/uploads\/2021\/01\/A-Psychoanalytic-Approach-to-Treating-Psychosis.jpg 350w\" sizes=\"(max-width: 199px) 100vw, 199px\" \/><\/a><\/p>\n<p><strong>Clasificaci\u00f3n Eleia: <\/strong>Plantel Norte: 202215.1\/Plantel Sur: 101893.3<\/p>\n<p><strong>Libro:&nbsp;<\/strong>de Masi, F. (2020). <em>A Psychoanalytic Approach to Treating Psychosis: Genesis, Psychopathology and Case Study<\/em>. Londres-Nueva York: Routledge.<\/p>\n<p><em>Un enfoque psicoanal\u00edtico para tratar la psicosis<\/em> muestra c\u00f3mo, al comprender los antecedentes y la din\u00e1mica de la psicosis, un enfoque psicoanal\u00edtico puede ofrecer una alternativa a largo plazo a la \u00fanica terapia psicotr\u00f3pica y una explicaci\u00f3n del origen infantil de la enfermedad.<\/p>\n<p>Este examen innovador comienza explicando claramente t\u00e9rminos complejos y teor\u00edas de los pensadores m\u00e1s importantes del psicoan\u00e1lisis. Dividido en tres partes, luego explora los problemas que se enfrentan al seguir una t\u00e9cnica espec\u00edfica para comprender el proceso psic\u00f3tico. Pr\u00e1ctica y te\u00f3rica, la segunda parte ilustra c\u00f3mo preparar un entorno apropiado para el paciente, incluida la importancia de escuchar y el enfoque del analista, adem\u00e1s de resaltar las caracter\u00edsticas clave de la afecci\u00f3n, como delirios, alucinaciones, retraimiento infantil y sue\u00f1os psic\u00f3ticos. Reconociendo que la psicosis es una transformaci\u00f3n ps\u00edquica en la que la mente funciona como un \u00f3rgano sensorial, el autor afirma que las semillas se siembran en la infancia a trav\u00e9s del trauma emocional, lo que lleva a la retirada a un mundo de fantas\u00eda.<\/p>\n<p>Rebosante de vi\u00f1etas de la vida real, la tercera parte est\u00e1 dedicada a un estudio de caso extenso y \u00fanico para ilustrar los desaf\u00edos de trabajar con estos pacientes. Tambi\u00e9n mira positivamente hacia la investigaci\u00f3n futura sobre la psicosis basada en conocimientos de la neurociencia.<\/p>\n<p>Innovador y accesible, este libro ser\u00e1 una lectura esencial para cualquier persona que trabaje en psicosis, incluidos psicoanalistas, psiquiatras, psic\u00f3logos y m\u00e9dicos.<\/p>\n<p>\u00cdndice<\/p>\n<p>Prefacio, Howard B. Levine<\/p>\n<p>Introducci\u00f3n<\/p>\n<p>Parte 1<\/p>\n<p>Cap\u00edtulo 1: Psicosis: el problema de una t\u00e9cnica espec\u00edfica<\/p>\n<p>Cap\u00edtulo 2: Modelos no sistem\u00e1ticos<\/p>\n<p>Cap\u00edtulo 3: Contribuciones kleinianas<\/p>\n<p>Parte 2<\/p>\n<p>Cap\u00edtulo 4: El escenario y la transferencia en la psicosis<\/p>\n<p>Cap\u00edtulo 5: El retraimiento ps\u00edquico y la parte psic\u00f3tica de la personalidad<\/p>\n<p>Cap\u00edtulo 6: Sue\u00f1os y delirios en psicosis<\/p>\n<p>Cap\u00edtulo 7: Alucinaciones<\/p>\n<p>Cap\u00edtulo 8: El trauma y el supery\u00f3 en la psicosis<\/p>\n<p>Parte 3<\/p>\n<p>Cap\u00edtulo 9: Una terapia psicoanal\u00edtica<\/p>\n<p>Cap\u00edtulo 10: Consideraciones cl\u00ednicas<\/p>\n<p>Cap\u00edtulo 11: Perspectivas futuras<\/p>\n<p>&nbsp;<\/p>\n<p><a href=\"https:\/\/www.centroeleia.edu.mx\/blog\/wp-content\/uploads\/2021\/01\/Introduction-to-the-Practice.jpg\"><img decoding=\"async\" loading=\"lazy\" class=\"size-medium wp-image-6656 aligncenter\" src=\"https:\/\/www.centroeleia.edu.mx\/blog\/wp-content\/uploads\/2021\/01\/Introduction-to-the-Practice-197x300.jpg\" alt=\"\" width=\"197\" height=\"300\" srcset=\"https:\/\/www.centroeleia.edu.mx\/blog\/wp-content\/uploads\/2021\/01\/Introduction-to-the-Practice-197x300.jpg 197w, https:\/\/www.centroeleia.edu.mx\/blog\/wp-content\/uploads\/2021\/01\/Introduction-to-the-Practice.jpg 321w\" sizes=\"(max-width: 197px) 100vw, 197px\" \/><\/a><\/p>\n<p><strong>Clasificaci\u00f3n Eleia: <\/strong>Plantel Norte: 204051\/Plantel Sur: 103380.6<\/p>\n<p><strong>Libro: <\/strong>Lemma, A. (2003). <em>Introduction to the Practice of Psychoanalytic Psychotherapy<\/em>. Hoboken: Wiley Blackwell.<strong><br><\/strong><\/p>\n<p>Este es un libro de texto orientado a la pr\u00e1ctica que tiene como objetivo desmitificar la psicoterapia psicoanal\u00edtica. La ense\u00f1anza y el aprendizaje de la terapia psicoanal\u00edtica es un proceso menos claro que el de otras terapias, y es f\u00e1cil que los estudiantes se sientan abrumados. Esta gu\u00eda accesible se basa en la larga experiencia del autor de ense\u00f1ar a practicantes en formaci\u00f3n y se basa en la premisa central de que el psicoan\u00e1lisis no se basa tanto en las habilidades como en el desarrollo de la actitud anal\u00edtica, guiado por principios de la t\u00e9cnica que se utilizan en la situaci\u00f3n cl\u00ednica.<\/p>\n<p>El libro proporciona una gu\u00eda paso a paso y consejos \u00fatiles en \u00e1reas clave como c\u00f3mo hacer interpretaciones, c\u00f3mo realizar evaluaciones, c\u00f3mo formular casos en t\u00e9rminos psicodin\u00e1micos y c\u00f3mo abordar los finales. Presenta informaci\u00f3n cr\u00edtica de manera accesible con estudios de casos y gu\u00edas de pr\u00e1ctica, explicando los procesos que sustentan la psicoterapia psicoanal\u00edtica de la manera m\u00e1s clara y sencilla posible. La segunda edici\u00f3n se actualiza en todo momento, con material nuevo notable sobre los hallazgos de la neurociencia y la creciente base de evidencia para la psicoterapia psicoanal\u00edtica, la escuela relacional de los Estados Unidos y el desarrollo de la Terapia Interpersonal Din\u00e1mica, y estudios recientes sobre transferencia.<\/p>\n<p>\u00cdndice<\/p>\n<p>Introducci\u00f3n: Psicoan\u00e1lisis en el siglo XXI<\/p>\n<ol>\n<li>Una visi\u00f3n general de las escuelas de psicoan\u00e1lisis: teor\u00eda y pr\u00e1ctica<\/li>\n<li>El proceso del cambio ps\u00edquico<\/li>\n<li>El marco anal\u00edtico y la actitud anal\u00edtica<\/li>\n<li>Evaluaci\u00f3n y formulaci\u00f3n<\/li>\n<li>Comunicaci\u00f3n inconsciente<\/li>\n<li>Defensas y resistencia<\/li>\n<li>Transferencia y contratransferencia<\/li>\n<li>Trabajar con finales<\/li>\n<\/ol>\n","protected":false},"excerpt":{"rendered":"<p>Noviembre Libro: McGinley, E. y Varchevker, A. (Eds.). (2010). Enduring Loss: Mourning, Depression and Narcissism Throughout the Life Cycle. Londres: Routledge. Este libro se conforma por una selecci\u00f3n de trabajos presentados inicialmente como una serie de conferencias organizadas por el Foro Psicoanal\u00edtico de la Sociedad Psicoanal\u00edtica Brit\u00e1nica, cuyo objetivo era volver a visitar los art\u00edculos clave de Freud \u201cSobre el narcisismo\u201d (1914) y \u201cDuelo y melancol\u00eda\u201d (1917), y analizar c\u00f3mo se utilizan en el pensamiento actual sobre las diferentes etapas de la vida. Los aportes de reconocidos cl\u00ednicos y te\u00f3ricos en sus respectivos campos capturan ciertos temas importantes que se\u2026<\/p>\n","protected":false},"author":4,"featured_media":8073,"comment_status":"closed","ping_status":"closed","sticky":false,"template":"","format":"standard","meta":[],"categories":[1420],"tags":[20,91,2,21,311],"blocksy_meta":"","_links":{"self":[{"href":"https:\/\/www.centroeleia.edu.mx\/blog\/wp-json\/wp\/v2\/posts\/6653"}],"collection":[{"href":"https:\/\/www.centroeleia.edu.mx\/blog\/wp-json\/wp\/v2\/posts"}],"about":[{"href":"https:\/\/www.centroeleia.edu.mx\/blog\/wp-json\/wp\/v2\/types\/post"}],"author":[{"embeddable":true,"href":"https:\/\/www.centroeleia.edu.mx\/blog\/wp-json\/wp\/v2\/users\/4"}],"replies":[{"embeddable":true,"href":"https:\/\/www.centroeleia.edu.mx\/blog\/wp-json\/wp\/v2\/comments?post=6653"}],"version-history":[{"count":25,"href":"https:\/\/www.centroeleia.edu.mx\/blog\/wp-json\/wp\/v2\/posts\/6653\/revisions"}],"predecessor-version":[{"id":8075,"href":"https:\/\/www.centroeleia.edu.mx\/blog\/wp-json\/wp\/v2\/posts\/6653\/revisions\/8075"}],"wp:featuredmedia":[{"embeddable":true,"href":"https:\/\/www.centroeleia.edu.mx\/blog\/wp-json\/wp\/v2\/media\/8073"}],"wp:attachment":[{"href":"https:\/\/www.centroeleia.edu.mx\/blog\/wp-json\/wp\/v2\/media?parent=6653"}],"wp:term":[{"taxonomy":"category","embeddable":true,"href":"https:\/\/www.centroeleia.edu.mx\/blog\/wp-json\/wp\/v2\/categories?post=6653"},{"taxonomy":"post_tag","embeddable":true,"href":"https:\/\/www.centroeleia.edu.mx\/blog\/wp-json\/wp\/v2\/tags?post=6653"}],"curies":[{"name":"wp","href":"https:\/\/api.w.org\/{rel}","templated":true}]}}