{"id":3889,"date":"2019-06-11T15:04:24","date_gmt":"2019-06-11T21:04:24","guid":{"rendered":"http:\/\/www.centroeleia.edu.mx\/blog\/?p=3889"},"modified":"2023-04-13T17:46:59","modified_gmt":"2023-04-13T23:46:59","slug":"el-adolescente-de-hoy","status":"publish","type":"post","link":"https:\/\/www.centroeleia.edu.mx\/blog\/el-adolescente-de-hoy\/","title":{"rendered":"El adolescente de hoy"},"content":{"rendered":"<p style=\"text-align: right\">Por Patricia Bola\u00f1os<\/p>\n<p>\u00bfEs diferente el fen\u00f3meno adolescente actual? \u00bfLas conductas que presentan son muy distintas y, por lo tanto, podemos pensar en que los adolescentes de hoy en d\u00eda enfrentan conflictos distintos a los que presentaban otras generaciones?<\/p>\n<p>La adolescencia es un momento crucial en la vida de todo individuo, pues se da una transformaci\u00f3n en muchos niveles debido, en primer lugar, al arribo del cuerpo sexual resultado de la pubertad y lo que este momento in\u00e9dito en el desarrollo exige a nivel ps\u00edquico y emocional. En este sentido observamos c\u00f3mo en el cuerpo se manifiesta toda la transformaci\u00f3n que conlleva la llegada de la pubertad: el cuerpo se exhibe o se oculta, se disfrutan las nuevas sensaciones, pero tambi\u00e9n generan culpa, se desea experimentar la sexualidad, pero a la vez atemoriza. Ligado a este aspecto nos encontramos con problem\u00e1ticas adolescentes como los trastornos de alimentaci\u00f3n, el inicio temprano de la vida sexual, embarazos adolescentes, la experimentaci\u00f3n con drogas.<\/p>\n<p>Otro de los cambios cruciales se da en la forma en que se percibe el mundo, el adolescente tiene que dejar de ser un ni\u00f1o; en su forma de pensar, actuar, la visi\u00f3n infantil acerca de los padres, el futuro, el s\u00ed mismo se modifica, no sin antes atravesar un proceso lleno de emociones intensas que se traduce en una convulsi\u00f3n resultado del cambio, del movimiento propio de esta etapa, en la cual observamos avances y retrocesos, y que nos permite entender la rebeld\u00eda, el desaf\u00edo, la impulsividad, las conductas agresivas.<\/p>\n<p>Estos son algunos de los conflictos que caracterizan la crisis adolescente y que hemos observado en todas las generaciones con manifestaciones distintas, pero que en el fondo expresan dificultades similares. Sin embargo, hay transformaciones sociales y culturales que impactan en la forma en que hoy en d\u00eda se expresan los conflictos adolescentes, podemos pensar en algunos de ellos:<\/p>\n<ul>\n<li>El mundo virtual: los adolescentes actuales son nativos digitales, han crecido en un momento en que internet forma parte de la vida cotidiana y esto impacta en la forma en que los adolescentes se relacionan, se comunican y aprenden. Pensemos en c\u00f3mo las redes sociales han transformado la manera en la que el adolescente conforma grupos o arma relaciones de pareja. Un chico de 15 a\u00f1os llega a tratamiento porque en la escuela lo observan generalmente aislado, sin que esto le preocupe. Sus padres refieren que nunca tiene inter\u00e9s por realizar actividades al aire libre o que impliquen interactuar con gente de su edad, \u00e9l les argumenta que lo que m\u00e1s le gusta es conectarse con sus amigos en un videojuego en l\u00ednea, los padres reconocen que ese mundo virtual es desconocido para ellos. En la entrevista inicial, este adolescente afirma tener una relaci\u00f3n de confianza y apertura con gente de diferentes pa\u00edses con los que comparte el inter\u00e9s por estas actividades <em>on line<\/em> y siente no necesitar amigos en la escuela.<\/li>\n<\/ul>\n<p>Tambi\u00e9n podemos reflexionar sobre el impacto que tiene la inmediatez y el alcance de lo digital en fen\u00f3menos ligados a la agresividad, por ejemplo, el bullying, o relacionados con la sexualidad. No es que antes no se presentaran situaciones de acoso o expresiones ligadas a la sexualidad, pero es un hecho que en la actualidad los medios virtuales generan efectos distintos y m\u00e1s duraderos. Una chica de 16 a\u00f1os es llevada a tratamiento a ra\u00edz de que mand\u00f3 una foto suya desnuda a un joven con el que empezaba a salir, \u00e9ste a su vez se la env\u00edo a alguien m\u00e1s hasta que la foto se hizo viral; la foto no s\u00f3lo la ten\u00edan los compa\u00f1eros de la escuela, tambi\u00e9n personas de otros colegios, al grado que se volvi\u00f3 un problema a nivel sector escolar. Esta chica tuvo un episodio de depresi\u00f3n importante, no quer\u00eda salir de su casa, recib\u00eda comentarios de todo tipo a trav\u00e9s de las redes sociales, las cuales tuvo que cancelar.<\/p>\n<ul>\n<li>La noci\u00f3n de familia tradicional tambi\u00e9n se ha transformado: resulta complicado establecer en la actualidad a qu\u00e9 nos referimos con tradicional. Probablemente hace 20 a\u00f1os el gran cambio en la estructura familiar se relacion\u00f3 con el divorcio y las dificultades que la separaci\u00f3n de los padres implica. Hoy en d\u00eda lo que escuchamos son divorcios entre los padres para iniciar relaciones con personas del mismo sexo, \u00bfc\u00f3mo impacta esto en las identificaciones durante el proceso de construir la identidad sexual?<\/li>\n<\/ul>\n<p>Alusiones a \u201csoy bisexual, binario, pansexual\u2026\u201d son formas que escuchamos con mayor frecuencia en los adolescentes al hablar de su orientaci\u00f3n sexual. Entendemos que la confusi\u00f3n en relaci\u00f3n con la sexualidad forma parte de la crisis adolescente, sin embargo, nos podemos preguntar \u00bfqu\u00e9 tanto nos encontramos en un momento social en el que hay mayor apertura a estas expresiones, lo cual favorece la confusi\u00f3n y la puesta en escena de este estado de confusi\u00f3n?<\/p>\n<p>Entonces, \u00bfqu\u00e9 podemos considerar una adolescencia normal? El psicoan\u00e1lisis nos permite profundizar en las fantas\u00edas, emociones y conflictos que est\u00e1n detr\u00e1s de todas estas manifestaciones adolescentes que suelen preocupar a las personas que tienen contacto con ellos tanto en la familia como en escuela o la cl\u00ednica.<\/p>\n<p>En el Diplomado \u201cAdolescencia: normalidad y problemas\u201d, revisaremos distintas teor\u00edas que nos permitir\u00e1n identificar las manifestaciones normales de la adolescencia y distinguir las expresiones patol\u00f3gicas de este proceso. El trabajo con adolescentes requiere un esfuerzo constante de actualizaci\u00f3n, reflexi\u00f3n y comprensi\u00f3n para poder intervenir de la mejor forma ante las necesidades de esta importante etapa de la vida.<\/p>\n<p><strong>Referencias<\/strong><\/p>\n<p>Castells, I. (2018). Aventura adolescente: entre el mundo interno y el ambiente. <em>Controversias en Psicoan\u00e1lisis de Ni\u00f1os y Adolescentes (APdeBA), <\/em><em>22:<\/em> 162-171.<\/p>\n<p>Lerner, H. (2018) Adolescencias: identidades agitadas El tr\u00e1nsito adolescente y las conmociones subjetivas. <em>Controversias en Psicoan\u00e1lisis de Ni\u00f1os y Adolescentes (APdeBA), <\/em><em>22: <\/em>80-106.<\/p>\n<p>S\u00e1nchez Armass, B. (2017). <em>Los procesos ps\u00edquicos durante la adolescencia<\/em>. M\u00e9xico: Centro Eleia. Tesis de Doctorado en Cl\u00ednica Psicoanal\u00edtica.<\/p>\n<p>Sternbach, S. (2018). Adolescencias actuales y problemas cl\u00ednicos. <em>Controversias en Psicoan\u00e1lisis de Ni\u00f1os y Adolescentes (APdeBA), <\/em><em>22: <\/em>132-141.<\/p>\n<p><a href=\"https:\/\/www.centroeleia.edu.mx\/diplomado-adolescencia-normalidad-y-problemas\" target=\"_blank\" rel=\"noopener noreferrer\"><img decoding=\"async\" loading=\"lazy\" class=\"alignnone wp-image-3902 size-full\" src=\"https:\/\/www.centroeleia.edu.mx\/blog\/wp-content\/uploads\/2019\/06\/banner-para-blog.jpg\" alt=\"\" width=\"793\" height=\"98\" srcset=\"https:\/\/www.centroeleia.edu.mx\/blog\/wp-content\/uploads\/2019\/06\/banner-para-blog.jpg 793w, https:\/\/www.centroeleia.edu.mx\/blog\/wp-content\/uploads\/2019\/06\/banner-para-blog-300x37.jpg 300w, https:\/\/www.centroeleia.edu.mx\/blog\/wp-content\/uploads\/2019\/06\/banner-para-blog-768x95.jpg 768w, https:\/\/www.centroeleia.edu.mx\/blog\/wp-content\/uploads\/2019\/06\/banner-para-blog-449x55.jpg 449w\" sizes=\"(max-width: 793px) 100vw, 793px\" \/><\/a><\/p>\n","protected":false},"excerpt":{"rendered":"<p>Por Patricia Bola\u00f1os \u00bfEs diferente el fen\u00f3meno adolescente actual? \u00bfLas conductas que presentan son muy distintas y, por lo tanto, podemos pensar en que los adolescentes de hoy en d\u00eda enfrentan conflictos distintos a los que presentaban otras generaciones? La adolescencia es un momento crucial en la vida de todo individuo, pues se da una transformaci\u00f3n en muchos niveles debido, en primer lugar, al arribo del cuerpo sexual resultado de la pubertad y lo que este momento in\u00e9dito en el desarrollo exige a nivel ps\u00edquico y emocional. En este sentido observamos c\u00f3mo en el cuerpo se manifiesta toda la transformaci\u00f3n\u2026<\/p>\n","protected":false},"author":4,"featured_media":3890,"comment_status":"closed","ping_status":"closed","sticky":false,"template":"","format":"standard","meta":[],"categories":[1419,1420],"tags":[80,2,70,21,44],"blocksy_meta":"","_links":{"self":[{"href":"https:\/\/www.centroeleia.edu.mx\/blog\/wp-json\/wp\/v2\/posts\/3889"}],"collection":[{"href":"https:\/\/www.centroeleia.edu.mx\/blog\/wp-json\/wp\/v2\/posts"}],"about":[{"href":"https:\/\/www.centroeleia.edu.mx\/blog\/wp-json\/wp\/v2\/types\/post"}],"author":[{"embeddable":true,"href":"https:\/\/www.centroeleia.edu.mx\/blog\/wp-json\/wp\/v2\/users\/4"}],"replies":[{"embeddable":true,"href":"https:\/\/www.centroeleia.edu.mx\/blog\/wp-json\/wp\/v2\/comments?post=3889"}],"version-history":[{"count":7,"href":"https:\/\/www.centroeleia.edu.mx\/blog\/wp-json\/wp\/v2\/posts\/3889\/revisions"}],"predecessor-version":[{"id":11041,"href":"https:\/\/www.centroeleia.edu.mx\/blog\/wp-json\/wp\/v2\/posts\/3889\/revisions\/11041"}],"wp:featuredmedia":[{"embeddable":true,"href":"https:\/\/www.centroeleia.edu.mx\/blog\/wp-json\/wp\/v2\/media\/3890"}],"wp:attachment":[{"href":"https:\/\/www.centroeleia.edu.mx\/blog\/wp-json\/wp\/v2\/media?parent=3889"}],"wp:term":[{"taxonomy":"category","embeddable":true,"href":"https:\/\/www.centroeleia.edu.mx\/blog\/wp-json\/wp\/v2\/categories?post=3889"},{"taxonomy":"post_tag","embeddable":true,"href":"https:\/\/www.centroeleia.edu.mx\/blog\/wp-json\/wp\/v2\/tags?post=3889"}],"curies":[{"name":"wp","href":"https:\/\/api.w.org\/{rel}","templated":true}]}}