{"id":2811,"date":"2019-01-11T18:39:59","date_gmt":"2019-01-12T00:39:59","guid":{"rendered":"http:\/\/www.centroeleia.edu.mx\/blog\/?p=2811"},"modified":"2023-04-18T16:58:09","modified_gmt":"2023-04-18T22:58:09","slug":"familia-maternidad-y-profesion","status":"publish","type":"post","link":"https:\/\/www.centroeleia.edu.mx\/blog\/familia-maternidad-y-profesion\/","title":{"rendered":"Familia, maternidad y profesi\u00f3n"},"content":{"rendered":"<p style=\"text-align: right\">Entrevista a Paty Bola\u00f1os, psicoterapeuta, docente y madre<\/p>\n<p><em>\u00bfNos podr\u00edas hablar de tus actividades profesionales que combinas con la maternidad?<\/em><\/p>\n<p>Soy docente de <a href=\"http:\/\/centroeleia.edu.mx\/licenciatura-en-psicologia\">licenciatura<\/a> y <a href=\"http:\/\/centroeleia.edu.mx\/maestria-en-psicoanalisis\">maestr\u00eda<\/a>, participo como coordinadora acad\u00e9mica y estoy por concluir mis estudios de <a href=\"http:\/\/centroeleia.edu.mx\/doctorado-en-psicoterapia\">doctorado<\/a>. Adem\u00e1s trabajo en mi consulta privada como terapeuta.<\/p>\n<p><em>\u00bfCu\u00e1les fueron las principales inquietudes al enterarte de que estabas embarazada en torno a lo profesional?<\/em><\/p>\n<p>En alg\u00fan momento me preocup\u00f3 que tuviera que elegir entre mi desarrollo personal como madre y mi desarrollo profesional, es decir, que fueran dos \u00e1reas que no pudieran coexistir. Antes de que naciera mi beb\u00e9, trabajaba muchas horas, le dedicaba mucho tiempo al estudio, a atender pacientes y a las clases. La llegada de mi beb\u00e9 exigi\u00f3 que hiciera una reestructura de mis actividades, no una renuncia, sino una organizaci\u00f3n diferente que implic\u00f3 aprovechar de mejor forma mis tiempos.<\/p>\n<p><em>\u00bfCon qu\u00e9 apoyo contaste para poder balancear estas dos \u00e1reas?<\/em><\/p>\n<p>Cuento con el invaluable apoyo de mi pareja y mi familia, ellos saben lo importante que ha sido en mi vida mi profesi\u00f3n, en ese sentido, me respaldaron para que pudiera retomar mis actividades; por ejemplo, los d\u00edas que asisto al doctorado, mi esposo lleva a nuestra hija a casa de mi mam\u00e1; si tengo que preparar alg\u00fan trabajo \u00e9l participa de lleno en el cuidado de la beb\u00e9. Por su parte, mi mam\u00e1 tambi\u00e9n me ayuda a cuidarla, me voy unas horas a dar clases, regreso unas horas y despu\u00e9s trabajo en el consultorio. Esta posibilidad de ir y venir es gracias al apoyo de mi mam\u00e1 y en general de mi familia.<\/p>\n<p><em>\u00bfQu\u00e9 dir\u00edas que es lo m\u00e1s dif\u00edcil de llevar de esta din\u00e1mica que tienes?<\/em><\/p>\n<p>En un primer momento, lidiar con la culpa de dejar por algunas horas a mi beb\u00e9. En mi familia, mi madre se dedic\u00f3 tiempo completo a nuestro cuidado, por eso la decisi\u00f3n de criar a mi hija de una forma distinta implica un reto. Tambi\u00e9n algunas amigas que dejaron sus trabajos al convertirse en madres me cuestionaban la decisi\u00f3n de reincorporarme a mis actividades a los pocos meses de que mi beb\u00e9 naciera. Es dif\u00edcil explicar a otras personas que no tiene que ver con lo econ\u00f3mico o con una obligaci\u00f3n, sino con una aspiraci\u00f3n de desarrollo. Mi madre, a pesar de haberse dedicado al hogar, siempre me impuls\u00f3 a ser una mujer trabajadora y que me desarrollara en distintos \u00e1mbitos; recuerdo lo contenta que estaba cuando entr\u00e9 a la maestr\u00eda, en una ocasi\u00f3n le ped\u00ed que me acompa\u00f1ara a una de las primeras conferencias en las que particip\u00e9 y se conmovi\u00f3 mucho al escuchar mi ponencia y darse cuenta de que mi formaci\u00f3n era un aspecto muy importante en mi vida. Entonces, los primeros d\u00edas que sal\u00ed a trabajar despu\u00e9s de ser mam\u00e1 y le dec\u00eda que me resultaba dif\u00edcil dejar a la beb\u00e9, ella me recordaba que tambi\u00e9n trabajaba para darle un ejemplo a mi hija de esfuerzo y dedicaci\u00f3n. Valoro mucho el poder compartir con mi madre esta nueva etapa de mi vida, aprender de toda su experiencia y tambi\u00e9n tener un modelo de maternidad distinto al m\u00edo, pero que me enriquece y me hace sentir muy agradecida.<\/p>\n<p><em>\u00bfQu\u00e9 figuras te han inspirado a trabajar de esta manera?<\/em><\/p>\n<p>A lo largo de mi formaci\u00f3n he trabajado con mujeres que han logrado un desarrollo profesional notable y a quienes considero excelentes madres. Tanto en la maestr\u00eda como en el doctorado tuve la oportunidad de presenciar c\u00f3mo el desarrollo profesional puede ir de la mano con el personal. Mis maestras con uno, dos o tres hijos dan excelentes clases, tienen consultorios consolidados, imparten talleres, diplomados y muchas actividades acad\u00e9micas que muestran c\u00f3mo se puede progresar, pensar, tener familia y encontrar satisfacci\u00f3n en distintos \u00e1mbitos de la vida. Centro Eleia, mi lugar de formaci\u00f3n y trabajo, permite identificarse con este modelo de esfuerzo constante que se traduce en el progreso en muchas \u00e1reas. Yo entr\u00e9 a estudiar la maestr\u00eda en 2007 y, once a\u00f1os despu\u00e9s, me doy cuenta de muchos logros que he tenido: soy docente, tengo un consultorio bien armado, he coordinado un par de diplomados, form\u00e9 parte de la comisi\u00f3n organizadora de las Jornadas Cl\u00ednicas; por ello, reconozco la importancia de todas estas figuras que me han acompa\u00f1ado e inspirado durante este tiempo.<\/p>\n<p><em>\u00bfConsideras que el psicoan\u00e1lisis es una formaci\u00f3n que permite combinar la maternidad con el trabajo del consultorio, los estudios y, en general, el desarrollo profesional?<\/em><\/p>\n<p>Totalmente, el psicoan\u00e1lisis tiene la bondad de adaptarse al momento de vida. Actualmente trabajo menos horas, pero s\u00e9 que conforme crezca mi hija podr\u00e9 ir retomando poco a poco las horas que le dedicaba antes. Ahora trabajo menos horas que cuando era m\u00e1s joven, pero son horas mejor remuneradas, entonces, esto permite equilibrar de mejor forma los tiempos.<\/p>\n<p><em>\u00bfQu\u00e9 beneficios encuentras en ser una madre que estudia y trabaja?<\/em><\/p>\n<p>Me gusta la idea de que mi hija se pueda identificar con una madre que se esfuerza, le estimula crecer, desarrollarse, y que encuentra en su actividad profesional una motivaci\u00f3n constante y no s\u00f3lo en su rol de madre, el cual es central en la vida, pero no el \u00fanico.<\/p>\n<p><em>\u00bfQu\u00e9 papel juega tu pareja?<\/em><\/p>\n<p>Un papel muy importante, somos un equipo, nos apoyamos, los dos colaboramos en todas las actividades relacionadas con el cuidado de nuestra hija. Por ejemplo, entre los dos la ba\u00f1amos y compartimos ese momento con ella; tambi\u00e9n hay otras tareas que nos dividimos, yo la duermo, \u00e9l prepara su comida, pero en general tratamos de encontrar momentos en que los tres podamos compartir.<\/p>\n<p><em>\u00bfDisfrutas ser madre?<\/em><\/p>\n<p>Me encanta ser mam\u00e1. Es una experiencia que me ha hecho crecer mucho como persona, me ha permitido descubrir capacidades en m\u00ed, en mi pareja, y que tambi\u00e9n me ha exigido mucho, aunque en general me hacer sentir satisfecha y contenta.<\/p>\n<p><em>\u00bfDisfrutas tu trabajo?<\/em><\/p>\n<p>S\u00ed, siempre me ha gustado el estudio y he encontrado en el psicoan\u00e1lisis un est\u00edmulo constante por profundizar y comprender m\u00e1s. Adem\u00e1s creo que la formaci\u00f3n en esta disciplina nos da herramientas que nos acompa\u00f1an en todo a lo que nos enfrenta la maternidad.<\/p>\n","protected":false},"excerpt":{"rendered":"<p>Entrevista a Paty Bola\u00f1os, psicoterapeuta, docente y madre \u00bfNos podr\u00edas hablar de tus actividades profesionales que combinas con la maternidad? Soy docente de licenciatura y maestr\u00eda, participo como coordinadora acad\u00e9mica y estoy por concluir mis estudios de doctorado. Adem\u00e1s trabajo en mi consulta privada como terapeuta. \u00bfCu\u00e1les fueron las principales inquietudes al enterarte de que estabas embarazada en torno a lo profesional? En alg\u00fan momento me preocup\u00f3 que tuviera que elegir entre mi desarrollo personal como madre y mi desarrollo profesional, es decir, que fueran dos \u00e1reas que no pudieran coexistir. Antes de que naciera mi beb\u00e9, trabajaba muchas horas,\u2026<\/p>\n","protected":false},"author":4,"featured_media":2851,"comment_status":"closed","ping_status":"closed","sticky":false,"template":"","format":"standard","meta":[],"categories":[1419,1420],"tags":[12,1606,11,21,311],"blocksy_meta":"","_links":{"self":[{"href":"https:\/\/www.centroeleia.edu.mx\/blog\/wp-json\/wp\/v2\/posts\/2811"}],"collection":[{"href":"https:\/\/www.centroeleia.edu.mx\/blog\/wp-json\/wp\/v2\/posts"}],"about":[{"href":"https:\/\/www.centroeleia.edu.mx\/blog\/wp-json\/wp\/v2\/types\/post"}],"author":[{"embeddable":true,"href":"https:\/\/www.centroeleia.edu.mx\/blog\/wp-json\/wp\/v2\/users\/4"}],"replies":[{"embeddable":true,"href":"https:\/\/www.centroeleia.edu.mx\/blog\/wp-json\/wp\/v2\/comments?post=2811"}],"version-history":[{"count":8,"href":"https:\/\/www.centroeleia.edu.mx\/blog\/wp-json\/wp\/v2\/posts\/2811\/revisions"}],"predecessor-version":[{"id":11140,"href":"https:\/\/www.centroeleia.edu.mx\/blog\/wp-json\/wp\/v2\/posts\/2811\/revisions\/11140"}],"wp:featuredmedia":[{"embeddable":true,"href":"https:\/\/www.centroeleia.edu.mx\/blog\/wp-json\/wp\/v2\/media\/2851"}],"wp:attachment":[{"href":"https:\/\/www.centroeleia.edu.mx\/blog\/wp-json\/wp\/v2\/media?parent=2811"}],"wp:term":[{"taxonomy":"category","embeddable":true,"href":"https:\/\/www.centroeleia.edu.mx\/blog\/wp-json\/wp\/v2\/categories?post=2811"},{"taxonomy":"post_tag","embeddable":true,"href":"https:\/\/www.centroeleia.edu.mx\/blog\/wp-json\/wp\/v2\/tags?post=2811"}],"curies":[{"name":"wp","href":"https:\/\/api.w.org\/{rel}","templated":true}]}}