{"id":2427,"date":"2018-10-01T21:11:10","date_gmt":"2018-10-01T21:11:10","guid":{"rendered":"http:\/\/www.centroeleia.edu.mx\/blog\/?p=2427"},"modified":"2023-03-24T17:52:38","modified_gmt":"2023-03-24T23:52:38","slug":"doctor-conrado-zuliani","status":"publish","type":"post","link":"https:\/\/www.centroeleia.edu.mx\/blog\/doctor-conrado-zuliani\/","title":{"rendered":"Doctor Conrado Zuliani"},"content":{"rendered":"<p><a href=\"https:\/\/www.centroeleia.edu.mx\/blog\/wp-content\/uploads\/2018\/10\/conrado-zuliani.jpg\"><img decoding=\"async\" loading=\"lazy\" class=\" wp-image-2452 alignleft\" src=\"http:\/\/www.centroeleia.edu.mx\/blog\/wp-content\/uploads\/2018\/10\/conrado-zuliani-200x300.jpg\" alt=\"\" width=\"198\" height=\"297\" \/><\/a>El Dr. Zuliani es psic\u00f3logo por la Universidad Nacional de Rosario, Argentina. Estudi\u00f3 la <a href=\"http:\/\/centroeleia.edu.mx\/maestria-en-psicoanalisis\">Maestr\u00eda en Psicoterapia Psicoanal\u00edtica<\/a> y el <a href=\"http:\/\/centroeleia.edu.mx\/doctorado-en-psicoterapia\">Doctorado en Cl\u00ednica Psicoanal\u00edtica<\/a> en el Centro Eleia, donde actualmente se desempe\u00f1a como docente de la Maestr\u00eda.<\/p>\n<p>Ha sido co-coordinador y docente en los Diplomados \u201cEnfermedades f\u00edsicas y conflictos emocionales\u201d, \u201cAngustia, depresi\u00f3n, neurosis. Tratamientos y experiencias cl\u00ednicas\u201d, \u201cLa agresividad: en el sujeto, en la familia, en la sociedad\u201d dentro del marco de Educaci\u00f3n Continua de Centro Eleia.<\/p>\n<p>Ha dictado numerosas conferencias, entre las cuales se cuentan: \u201cFreud. Los fundamentos del acto anal\u00edtico\u201d (FES-Acatl\u00e1n, 2006); \u201cTransferencia, duelo, <em>acting out<\/em>\u201d (Instituto de la Familia de Rosario, 2011); \u201cDepresi\u00f3n\u201d (UAM-Xochimilco, 2014); \u201cTrastornos de la sexualidad\u201d (UAM-Xochimilco, 2015); \u201cDe agujeros y bordes. Las afecciones psicosom\u00e1ticas en la cl\u00ednica con adolescentes\u201d (Hospital Infantil \u201cJuan N. Navarro\u201d, 2017), y \u201cSeminarios sobre estructuras no neur\u00f3ticas y fen\u00f3menos psicosom\u00e1ticos\u201d (Universidad Nacional de Rosario, 2017).<\/p>\n<p>Asimismo, ha impartido en el Centro Eleia diversos Talleres sobre temas psicoanal\u00edticos, como: \u201cSobre la entrevista y el comienzo del tratamiento\u201d; \u201cS\u00edntomas neur\u00f3ticos y c\u00f3mo atenderlos\u201d; \u201cNarcisismo. Intervenci\u00f3n en la cl\u00ednica psicoanal\u00edtica\u201d, \u201cEl narcisismo en la vida cotidiana. Amor propio. Arrogancia\u201d; \u201cAngustia en la vida cotidiana. Sexualidad, familia, trabajo\u201d; \u201cAmor y Narcisismo\u201d, y \u201cTerapias de la sexualidad actual. Lo sexy, pornograf\u00eda, prostituci\u00f3n\u201d.<\/p>\n<p>Es autor del libro <em>Destinos de la simbolizaci\u00f3n. El fen\u00f3meno psicosom\u00e1tico <\/em>(Editorial Acad\u00e9mica Espa\u00f1ola, 2011). Ha participado en la presentaci\u00f3n de las siguientes publicaciones: <em>Lo ps\u00edquico: Fantas\u00eda, fantasma y realidad <\/em>(Centro Eleia, 2011); <em>Psicosom\u00e1tica actual. Teor\u00edas y enfoques cl\u00ednicos <\/em>(Centro Eleia, 2014), y <em>Conflictos, p\u00e9rdidas y angustias depresivas en los v\u00ednculos intersubjetivos <\/em>(Centro Eleia, 2016).<\/p>\n<p>Ha escrito art\u00edculos para diversos medios electr\u00f3nicos. Entre sus principales publicaciones para el Blog de Centro Eleia se encuentran: \u201cConflictos de la sexualidad humana\u201d (2009); \u201cAcerca del lugar del psicoanalista frente a la violencia y la inseguridad\u201d (2010); \u201c\u00bfQu\u00e9 es el complejo de Edipo?\u201d (2011); \u201cSobre las escenas del an\u00e1lisis\u201d (2011), y \u201cEl psicoan\u00e1lisis. Una teor\u00eda sexual de las neurosis\u201d (2015). Tambi\u00e9n ha escrito \u201cUn recorrido en torno a lo psicosom\u00e1tico\u201d (2018) para la <em>Revista Psicolog\u00eda Digital<\/em> del Programa Problem\u00e1ticas Contempor\u00e1neas. Psicoan\u00e1lisis, Ciencia, Ciencia Cognitiva del Centro de Estudios Interdisciplinarios &#8211; Universidad Nacional de Rosario, Argentina.<\/p>\n<p>Sus \u00e1reas de inter\u00e9s son el m\u00e9todo psicoanal\u00edtico y los estados no-neur\u00f3ticos. Se dedica desde hace veintid\u00f3s a\u00f1os a la atenci\u00f3n cl\u00ednica de pacientes adolescentes y adultos.<\/p>\n","protected":false},"excerpt":{"rendered":"<p>El Dr. Zuliani es psic\u00f3logo por la Universidad Nacional de Rosario, Argentina. Estudi\u00f3 la Maestr\u00eda en Psicoterapia Psicoanal\u00edtica y el Doctorado en Cl\u00ednica Psicoanal\u00edtica en el Centro Eleia, donde actualmente se desempe\u00f1a como docente de la Maestr\u00eda. Ha sido co-coordinador y docente en los Diplomados \u201cEnfermedades f\u00edsicas y conflictos emocionales\u201d, \u201cAngustia, depresi\u00f3n, neurosis. Tratamientos y experiencias cl\u00ednicas\u201d, \u201cLa agresividad: en el sujeto, en la familia, en la sociedad\u201d dentro del marco de Educaci\u00f3n Continua de Centro Eleia. Ha dictado numerosas conferencias, entre las cuales se cuentan: \u201cFreud. Los fundamentos del acto anal\u00edtico\u201d (FES-Acatl\u00e1n, 2006); \u201cTransferencia, duelo, acting out\u201d (Instituto de\u2026<\/p>\n","protected":false},"author":4,"featured_media":6018,"comment_status":"closed","ping_status":"closed","sticky":false,"template":"","format":"standard","meta":[],"categories":[1423],"tags":[2,70],"blocksy_meta":"","_links":{"self":[{"href":"https:\/\/www.centroeleia.edu.mx\/blog\/wp-json\/wp\/v2\/posts\/2427"}],"collection":[{"href":"https:\/\/www.centroeleia.edu.mx\/blog\/wp-json\/wp\/v2\/posts"}],"about":[{"href":"https:\/\/www.centroeleia.edu.mx\/blog\/wp-json\/wp\/v2\/types\/post"}],"author":[{"embeddable":true,"href":"https:\/\/www.centroeleia.edu.mx\/blog\/wp-json\/wp\/v2\/users\/4"}],"replies":[{"embeddable":true,"href":"https:\/\/www.centroeleia.edu.mx\/blog\/wp-json\/wp\/v2\/comments?post=2427"}],"version-history":[{"count":4,"href":"https:\/\/www.centroeleia.edu.mx\/blog\/wp-json\/wp\/v2\/posts\/2427\/revisions"}],"predecessor-version":[{"id":6566,"href":"https:\/\/www.centroeleia.edu.mx\/blog\/wp-json\/wp\/v2\/posts\/2427\/revisions\/6566"}],"wp:featuredmedia":[{"embeddable":true,"href":"https:\/\/www.centroeleia.edu.mx\/blog\/wp-json\/wp\/v2\/media\/6018"}],"wp:attachment":[{"href":"https:\/\/www.centroeleia.edu.mx\/blog\/wp-json\/wp\/v2\/media?parent=2427"}],"wp:term":[{"taxonomy":"category","embeddable":true,"href":"https:\/\/www.centroeleia.edu.mx\/blog\/wp-json\/wp\/v2\/categories?post=2427"},{"taxonomy":"post_tag","embeddable":true,"href":"https:\/\/www.centroeleia.edu.mx\/blog\/wp-json\/wp\/v2\/tags?post=2427"}],"curies":[{"name":"wp","href":"https:\/\/api.w.org\/{rel}","templated":true}]}}