{"id":2213,"date":"2018-07-26T21:02:50","date_gmt":"2018-07-26T21:02:50","guid":{"rendered":"http:\/\/www.centroeleia.edu.mx\/blog\/?p=2213"},"modified":"2024-09-24T18:00:35","modified_gmt":"2024-09-25T00:00:35","slug":"doctor-gabriel-espindola","status":"publish","type":"post","link":"https:\/\/www.centroeleia.edu.mx\/blog\/doctor-gabriel-espindola\/","title":{"rendered":"Doctor Gabriel Esp\u00edndola"},"content":{"rendered":"<p><a href=\"https:\/\/www.centroeleia.edu.mx\/blog\/wp-content\/uploads\/2018\/07\/gabriel-espinodola-466-700px.jpg\"><img decoding=\"async\" loading=\"lazy\" class=\"size-medium wp-image-2252 alignleft\" src=\"http:\/\/www.centroeleia.edu.mx\/blog\/wp-content\/uploads\/2018\/07\/gabriel-espinodola-466-700px-200x300.jpg\" alt=\"gabriel_esp\u00edndola\" width=\"200\" height=\"300\" srcset=\"https:\/\/www.centroeleia.edu.mx\/blog\/wp-content\/uploads\/2018\/07\/gabriel-espinodola-466-700px-200x300.jpg 200w, https:\/\/www.centroeleia.edu.mx\/blog\/wp-content\/uploads\/2018\/07\/gabriel-espinodola-466-700px.jpg 466w\" sizes=\"(max-width: 200px) 100vw, 200px\" \/><\/a>Desde 2009, el Dr. Esp\u00edndola es coordinador de la <a href=\"http:\/\/centroeleia.edu.mx\/licenciatura-en-psicologia\">Licenciatura<\/a> y <a href=\"http:\/\/centroeleia.edu.mx\/maestria-en-psicoanalisis\">Maestr\u00eda<\/a> del Centro Eleia, Plantel Norte, en donde imparte materias para ambos programas y dirige tesis de <a href=\"http:\/\/centroeleia.edu.mx\/licenciatura-en-psicologia\">Licenciatura<\/a>, <a href=\"http:\/\/centroeleia.edu.mx\/maestria-en-psicoanalisis\">Maestr\u00eda<\/a> y <a href=\"http:\/\/centroeleia.edu.mx\/doctorado-en-psicoterapia\">Doctorado<\/a>. En el \u00e1mbito cl\u00ednico, cuenta con m\u00e1s de 21 a\u00f1os de experiencia en la pr\u00e1ctica psicoanal\u00edtica privada, con enfoque en la atenci\u00f3n de pacientes adolescentes y adultos.<\/p>\n<p>Se titul\u00f3 por excelencia acad\u00e9mica de la Licenciatura en Psicolog\u00eda en la Universidad Iberoamericana. Posteriormente, obtuvo los t\u00edtulos de maestro en Psicoterapia Psicoanal\u00edtica y doctor en Cl\u00ednica Psicoanal\u00edtica en el Centro Eleia, ambos con menci\u00f3n honor\u00edfica; su tesis doctoral lleva por nombre <em>Escenarios ps\u00edquicos de la mujer durante el embarazo<\/em>. De 2002 a 2009, fue miembro del Instituto Nacional de Perinatolog\u00eda (INPer), en donde fungi\u00f3 como coordinador del programa de investigaci\u00f3n \u201cEmbarazo y trastorno mental\u201d. Durante ese mismo periodo, coordin\u00f3 la residencia de psiquiatr\u00eda del Instituto Nacional de Psiquiatr\u00eda \u201cRam\u00f3n de la Fuente Mu\u00f1iz\u201d, en la sede del INPer.<\/p>\n<p>A lo largo de su trayectoria acad\u00e9mica, ha sido profesor titular del Centro Eleia con materias como \u201cIntervenci\u00f3n psicol\u00f3gica en crisis\u201d y \u201cTeor\u00eda y t\u00e9cnica de la entrevista\u201d en la Licenciatura, as\u00ed como \u201cT\u00e9cnica psicoanal\u00edtica\u201d, \u201cPsicopatolog\u00eda\u201d y \u201cPsicosis\u201d en la Maestr\u00eda. Tambi\u00e9n ha participado como profesor invitado y titular en otras instituciones con las materias \u201cAbordaje en pacientes hospitalizados\u201d, \u201cAspectos emocionales en la mujer embarazada\u201d y \u201cManejo psicol\u00f3gico de la paciente embarazada con trastorno mental en instituciones no psiqui\u00e1tricas\u201d, por mencionar algunas.<\/p>\n<p>Cuenta con la publicaci\u00f3n de dos libros: <em>Tiempos de un inconsciente Freudiano<\/em> (2001) y <em>Lo ps\u00edquico. Fantas\u00eda, fantasma y realidad<\/em> (2011); este \u00faltimo es una compilaci\u00f3n de las Jornadas Cl\u00ednicas del Centro Eleia, el cual edit\u00f3 y en el que se incluye un cap\u00edtulo de su autor\u00eda. Asimismo, escribi\u00f3 los cap\u00edtulos \u201cConcepto de salud psicol\u00f3gica\u201d (2005) y \u201cPsicopatolog\u00eda y atenci\u00f3n psicol\u00f3gica institucional\u201d (2006) que se publicaron en el libro <em>Temas selectos de orientaci\u00f3n psicol\u00f3gica. Manual Moderno.<\/em><\/p>\n<p>Como investigador, sus trabajos han aparecido en revistas arbitradas nacionales e internacionales. Su l\u00ednea de investigaci\u00f3n ha sido el embarazo, la maternidad, la trasferencia-contratransferencia y la t\u00e9cnica psicoanal\u00edtica. Entre sus art\u00edculos destacan: \u201cCalibraci\u00f3n de un punto de corte para la Escala de Depresi\u00f3n Perinatal de Edinburgh en pacientes obst\u00e9tricas del Instituto Nacional de Perinatolog\u00eda\u201d (2004), \u201cMalestar Psicol\u00f3gico: algunas manifestaciones cl\u00ednicas en la paciente gineco-obst\u00e9trica hospitalizada\u201d (2006), \u201cUna propuesta de tratamiento psicol\u00f3gico para la mujer en embarazo de alto riesgo y trastorno mental\u201d (2008), todos ellos publicados en la revista <em>Perinatolog\u00eda y Reproducci\u00f3n Humana<\/em>, y \u201cFactores que inciden en la adaptaci\u00f3n a la enfermedad en mujeres con c\u00e1ncer de mama\u201d (2005), publicado en <em>Psicolog\u00eda Iberoamericana<\/em>.<\/p>\n<p>Durante m\u00e1s de 19 a\u00f1os ha participado como ponente en congresos nacionales e internacionales; entre los m\u00e1s importantes se encuentran: el Primer Congreso Internacional de Psicolog\u00eda y el Congreso Mexiquense de Salud Mental, as\u00ed como el Primer Congreso Interamericano de Orientaci\u00f3n Psicol\u00f3gica, organizado por la Universidad de Scranton, Nueva York, en colaboraci\u00f3n con la Universidad Iberoamericana. En el Centro Eleia, ha sido miembro de la comisi\u00f3n organizadora y ponente asiduo de las Jornadas Cl\u00ednicas. Actualmente, es invitado frecuente en los diplomados de esa misma instituci\u00f3n, en donde, adem\u00e1s, continuamente organiza talleres y cursos sobre psicoterapia, psicoan\u00e1lisis, psicosis y sexualidad infantil, entre otros.<\/p>\n<p><em>\u00a0<\/em><\/p>\n","protected":false},"excerpt":{"rendered":"<p>Desde 2009, el Dr. Esp\u00edndola es coordinador de la Licenciatura y Maestr\u00eda del Centro Eleia, Plantel Norte, en donde imparte materias para ambos programas y dirige tesis de Licenciatura, Maestr\u00eda y Doctorado. En el \u00e1mbito cl\u00ednico, cuenta con m\u00e1s de 21 a\u00f1os de experiencia en la pr\u00e1ctica psicoanal\u00edtica privada, con enfoque en la atenci\u00f3n de pacientes adolescentes y adultos. Se titul\u00f3 por excelencia acad\u00e9mica de la Licenciatura en Psicolog\u00eda en la Universidad Iberoamericana. Posteriormente, obtuvo los t\u00edtulos de maestro en Psicoterapia Psicoanal\u00edtica y doctor en Cl\u00ednica Psicoanal\u00edtica en el Centro Eleia, ambos con menci\u00f3n honor\u00edfica; su tesis doctoral lleva por\u2026<\/p>\n","protected":false},"author":4,"featured_media":6023,"comment_status":"closed","ping_status":"closed","sticky":false,"template":"","format":"standard","meta":[],"categories":[1423],"tags":[2,70],"blocksy_meta":"","_links":{"self":[{"href":"https:\/\/www.centroeleia.edu.mx\/blog\/wp-json\/wp\/v2\/posts\/2213"}],"collection":[{"href":"https:\/\/www.centroeleia.edu.mx\/blog\/wp-json\/wp\/v2\/posts"}],"about":[{"href":"https:\/\/www.centroeleia.edu.mx\/blog\/wp-json\/wp\/v2\/types\/post"}],"author":[{"embeddable":true,"href":"https:\/\/www.centroeleia.edu.mx\/blog\/wp-json\/wp\/v2\/users\/4"}],"replies":[{"embeddable":true,"href":"https:\/\/www.centroeleia.edu.mx\/blog\/wp-json\/wp\/v2\/comments?post=2213"}],"version-history":[{"count":6,"href":"https:\/\/www.centroeleia.edu.mx\/blog\/wp-json\/wp\/v2\/posts\/2213\/revisions"}],"predecessor-version":[{"id":11422,"href":"https:\/\/www.centroeleia.edu.mx\/blog\/wp-json\/wp\/v2\/posts\/2213\/revisions\/11422"}],"wp:featuredmedia":[{"embeddable":true,"href":"https:\/\/www.centroeleia.edu.mx\/blog\/wp-json\/wp\/v2\/media\/6023"}],"wp:attachment":[{"href":"https:\/\/www.centroeleia.edu.mx\/blog\/wp-json\/wp\/v2\/media?parent=2213"}],"wp:term":[{"taxonomy":"category","embeddable":true,"href":"https:\/\/www.centroeleia.edu.mx\/blog\/wp-json\/wp\/v2\/categories?post=2213"},{"taxonomy":"post_tag","embeddable":true,"href":"https:\/\/www.centroeleia.edu.mx\/blog\/wp-json\/wp\/v2\/tags?post=2213"}],"curies":[{"name":"wp","href":"https:\/\/api.w.org\/{rel}","templated":true}]}}