{"id":189,"date":"2014-11-21T14:54:15","date_gmt":"2014-11-21T14:54:15","guid":{"rendered":"http:\/\/www.centroeleia.edu.mx\/blog\/?p=189"},"modified":"2023-03-22T14:02:53","modified_gmt":"2023-03-22T20:02:53","slug":"arpeo-y-divan","status":"publish","type":"post","link":"https:\/\/www.centroeleia.edu.mx\/blog\/arpeo-y-divan\/","title":{"rendered":"Arpeo y div\u00e1n"},"content":{"rendered":"<p style=\"text-align: right\">Por Yolanda del Valle<\/p>\n<p>Ella finalizaba la prepa cuando su mam\u00e1 me llam\u00f3: <em>B\u00fascala y trata de convencerla de que estudie primero una carrera y que ya luego estudie lo que quiera<\/em>. Le preocupaba el porfiado empe\u00f1o de Merce por consagrarse de inmediato a la m\u00fasica, lo que para su madre no equival\u00eda a \u201cestudiar una carrera\u201d, adem\u00e1s de que no le brindar\u00eda una verdadera herramienta para enfrentar la vida, ni tendr\u00eda acceso a una cultura general. Consideraba que \u00e9se era un momento crucial para evitar que tomara su hija una decisi\u00f3n poco atinada, y pens\u00f3 que yo podr\u00eda convencerla por la simpat\u00eda que sent\u00edamos una por la otra. Me negu\u00e9 a cumplir su pedido porque entend\u00ed aquella porf\u00eda como una decisi\u00f3n apasionada y profundamente convencida. Pasaron ya muchos a\u00f1os. Mercedes es ahora madre, abuela, un ser humano de excepci\u00f3n, magn\u00edfica arpista, escritora creativa y fuente de inspiraci\u00f3n para muchos.<\/p>\n<p>\u00bfVerdad que es cierto, querida Merce, que hay oficios sumamente exigentes pero que el cumplimiento de su demanda se nos revierte cargado de belleza y de sentido? \u00bfCu\u00e1ntas horas has pasado tocando una y otra vez la misma melod\u00eda en el estudio del s\u00f3tano de tu casa para luego entregarla a tus escuchas? Y en tu ir y venir por el mundo, \u00bfcu\u00e1ntas veces te has hecho acompa\u00f1ar de la literatura que en ese momento te interesa y aprovechas tus ratos libres para ir al teatro, al cine, al intercambio con tus amigos, y con todo ello enriqueces el excelente entramado que constituye tu oficio y tu escritura? \u00bfA cu\u00e1ntos pueblos te acercaste buscando escuchar sones jarochos hasta hacer del jaranero y su jarana un saber que forma parte de tus grabaciones? Dices que \u201ctodo se relaciona con la m\u00fasica y con un camino propio que se ve constantemente enriquecido por el aprendizaje\u201d, y es a esa idea justamente a la que pretendo referirme.<\/p>\n<p>\u00bfPor qu\u00e9 hablo de Merce?, se preguntar\u00e1n. Por las afinidades. Y es que la demanda de cada disciplina, de cada profesi\u00f3n, de cada trabajo, es distinta. Pedro checa tarjeta al entrar a las oficinas para volver a checarla a su salida. A partir de ese momento, la vida es suya. No sucede lo mismo con la m\u00fasica ni con el psicoan\u00e1lisis, porque ambos tienen que ver con la vida misma, y es \u00e9sta su alimento obligado.<\/p>\n<p>\u00bfC\u00f3mo se forja un psicoanalista? El eje de nuestra creaci\u00f3n es la experiencia anal\u00edtica personal, y a ella le sumamos una pr\u00e1ctica cl\u00ednica asistida y el estudio concienzudo de las teor\u00edas. Los maestros son nuestros acompa\u00f1antes irrenunciables: aquel que nos comparte sus conocimientos, otro con quien pensamos la experiencia inefable del trabajo con el paciente, uno m\u00e1s con quien construimos un lugar de entrega a la investigaci\u00f3n y al pensamiento cl\u00ednico. El encuentro inicial suele darse por el canal institucional: licenciatura, maestr\u00eda, doctorado, y proseguir de diferentes maneras a lo largo del camino. Porque <em>ser psicoanalista<\/em> no es tanto una profesi\u00f3n como una forma de pensar, una forma de entender, una forma de ver al mundo, que debe nutrirse tanto de lo bello como de lo verdadero. Es una formaci\u00f3n que reclama el intercambio con los colegas, la asistencia a conferencias, talleres, congresos, seminarios; reclama la lectura comprensiva de ideas que nos aproximen al conocimiento de lo que sucede en nuestros \u201cs\u00f3tanos privados\u201d; ah\u00ed donde afinamos el o\u00eddo y nos empe\u00f1amos en la escucha. Pero reclama tambi\u00e9n como imprescindible el acercamiento a la literatura, al cine, la m\u00fasica, a la cultura en general, al di\u00e1logo con los amigos. Demanda la transformaci\u00f3n de nuestra propia vida, de nuestra relaci\u00f3n con otros, de nuestra persona, hasta hacer del pensamiento un sitio de posible reuni\u00f3n con la verdad y una herramienta poderosa para el cambio de la realidad personal. Pero la condici\u00f3n es que todo ello sea una fuente de disfrute, pese a la serie de renuncias y el dolor que supone obtenerlo. Es \u00e9se el imperativo del <em>ser psicoanalista<\/em>. Por lo tanto, nada m\u00e1s ajeno al esp\u00edritu de nuestro oficio que la idea de un quehacer que transcurre entre el momento de recibir al primer paciente y de despedir al \u00faltimo.<\/p>\n<hr style=\"width: 70%\" align=\"center\" \/>\n<p><small>[*] Mercedes G\u00f3mez Benet, ha hecho estudios arp\u00edsticos en M\u00e9xico, Estados Unidos y Espa\u00f1a, curs\u00f3 la Maestr\u00eda en Arpa en el Conservatorio Real de Estocolmo en Suecia, es maestra del Conservatorio Nacional de M\u00fasica y se presenta como solista en diferentes partes del mundo. Es integrante de la Orquesta Filarm\u00f3nica de la UNAM, del dueto Sondos y del Ensamble Tierra Mestiza, adem\u00e1s de ser miembro del Consejo Directivo del Congreso Mundial de Arpa desde 1999. En el terreno literario, es autora de una serie de cuentos infantiles y de algunas obras de teatro. En Eleia pudimos disfrutar de una presentaci\u00f3n a la que llam\u00f3: Vals triste, y que form\u00f3 parte del Diplomado de Melancol\u00eda y Creatividad que estuvo a mi cargo en 2005. Aquel vals triste termin\u00f3 siendo una celebraci\u00f3n sumamente disfrutable para quienes asistimos.<\/small><\/p>\n","protected":false},"excerpt":{"rendered":"<p>Por Yolanda del Valle Ella finalizaba la prepa cuando su mam\u00e1 me llam\u00f3: B\u00fascala y trata de convencerla de que estudie primero una carrera y que ya luego estudie lo que quiera. Le preocupaba el porfiado empe\u00f1o de Merce por consagrarse de inmediato a la m\u00fasica, lo que para su madre no equival\u00eda a \u201cestudiar una carrera\u201d, adem\u00e1s de que no le brindar\u00eda una verdadera herramienta para enfrentar la vida, ni tendr\u00eda acceso a una cultura general. Consideraba que \u00e9se era un momento crucial para evitar que tomara su hija una decisi\u00f3n poco atinada, y pens\u00f3 que yo podr\u00eda convencerla\u2026<\/p>\n","protected":false},"author":4,"featured_media":370,"comment_status":"closed","ping_status":"closed","sticky":false,"template":"","format":"standard","meta":[],"categories":[1420],"tags":[326,2],"blocksy_meta":"","_links":{"self":[{"href":"https:\/\/www.centroeleia.edu.mx\/blog\/wp-json\/wp\/v2\/posts\/189"}],"collection":[{"href":"https:\/\/www.centroeleia.edu.mx\/blog\/wp-json\/wp\/v2\/posts"}],"about":[{"href":"https:\/\/www.centroeleia.edu.mx\/blog\/wp-json\/wp\/v2\/types\/post"}],"author":[{"embeddable":true,"href":"https:\/\/www.centroeleia.edu.mx\/blog\/wp-json\/wp\/v2\/users\/4"}],"replies":[{"embeddable":true,"href":"https:\/\/www.centroeleia.edu.mx\/blog\/wp-json\/wp\/v2\/comments?post=189"}],"version-history":[{"count":6,"href":"https:\/\/www.centroeleia.edu.mx\/blog\/wp-json\/wp\/v2\/posts\/189\/revisions"}],"predecessor-version":[{"id":10550,"href":"https:\/\/www.centroeleia.edu.mx\/blog\/wp-json\/wp\/v2\/posts\/189\/revisions\/10550"}],"wp:featuredmedia":[{"embeddable":true,"href":"https:\/\/www.centroeleia.edu.mx\/blog\/wp-json\/wp\/v2\/media\/370"}],"wp:attachment":[{"href":"https:\/\/www.centroeleia.edu.mx\/blog\/wp-json\/wp\/v2\/media?parent=189"}],"wp:term":[{"taxonomy":"category","embeddable":true,"href":"https:\/\/www.centroeleia.edu.mx\/blog\/wp-json\/wp\/v2\/categories?post=189"},{"taxonomy":"post_tag","embeddable":true,"href":"https:\/\/www.centroeleia.edu.mx\/blog\/wp-json\/wp\/v2\/tags?post=189"}],"curies":[{"name":"wp","href":"https:\/\/api.w.org\/{rel}","templated":true}]}}