{"id":1626,"date":"2017-09-14T20:50:58","date_gmt":"2017-09-14T20:50:58","guid":{"rendered":"http:\/\/www.centroeleia.edu.mx\/blog\/?p=1626"},"modified":"2023-03-23T17:45:40","modified_gmt":"2023-03-23T23:45:40","slug":"por-que-es-dificil-iniciar-un-proceso-terapeutico","status":"publish","type":"post","link":"https:\/\/www.centroeleia.edu.mx\/blog\/por-que-es-dificil-iniciar-un-proceso-terapeutico\/","title":{"rendered":"\u00bfPor qu\u00e9 es dif\u00edcil iniciar un proceso terap\u00e9utico?"},"content":{"rendered":"<p style=\"background: white;margin: 4.5pt 0cm 4.5pt 0cm\"><span style=\"font-size: 11.0pt;font-family: 'Calibri',sans-serif;color: #1d2129\">Son muchas las razones que da una persona por las que no \u201cpuede\u201d iniciar un proceso terap\u00e9utico<\/span><span style=\"font-size: 11.0pt;font-family: 'Calibri',sans-serif\">:<span style=\"color: #1d2129\"> el dinero, el tiempo y las distancias son las principales<\/span>. S<span style=\"color: #1d2129\">i bien en algunos casos pueden ser v\u00e1lidas, la experiencia nos dice que las <\/span>causas reales<span style=\"color: #1d2129\"> son otras. La principal resistencia tiene que ver con el temor a descubrir aquello de lo que no se quiere saber (lo inconsciente), cuestionar aquello que damos por hecho y que validamos\u00a0<span class=\"textexposedshow\">de nuestro funcionamiento mental.<\/span><\/span> <\/span><\/p>\n<p style=\"background: white;margin: 0cm 0cm 4.5pt 0cm\"><span style=\"font-size: 11.0pt;font-family: 'Calibri',sans-serif;color: #1d2129\">En el peri\u00f3dico <\/span><span style=\"font-size: 11.0pt;font-family: 'Calibri',sans-serif\">\u201c<span style=\"color: #1d2129\">Semana de Colombia<\/span>\u201d<span style=\"color: #1d2129\"> se public\u00f3 una interesante opini\u00f3n <\/span>al respecto<span style=\"color: #1d2129\">:<\/span><\/span><\/p>\n<p style=\"background: white;margin: 4.5pt 0cm 4.5pt 0cm\"><span style=\"font-size: 11.0pt;font-family: 'Calibri',sans-serif;color: #1d2129\">\u201c\u2026 el problema est\u00e1 en la resistencia que implica la introspecci\u00f3n: el pudor que supone aceptar que hay asuntos personales que se salen de las manos, la dificultad de salirse de los h\u00e1bitos del pensamiento, que aun cuando maltraten, estamos aferrados a ellos; a la sobrevaloraci\u00f3n de la raz\u00f3n, el autocontrol y la disciplina para la soluci\u00f3n de conflictos emocionales, as\u00ed como para modificar respuestas inconscientes autom\u00e1ticas, as\u00ed causen dolor y rompan relaciones amorosas y constructivas.<\/span><\/p>\n<p style=\"background: white;margin: 4.5pt 0cm 4.5pt 0cm\"><span style=\"font-size: 11.0pt;font-family: 'Calibri',sans-serif\">\u201d<span style=\"color: #1d2129\">Otro elemento destacado es la promesa de otros m\u00e9todos que ofrecen alternativas que aparentemente suponen meno<\/span>s trabajo <span style=\"color: #1d2129\">y la posibilidad de encontrar atajos para madurar y superar adversidades con <\/span>un <span style=\"color: #1d2129\">esfuerzo<\/span> menor. S<span style=\"color: #1d2129\">in embargo, no hay que olvidar que lo m\u00e1s c\u00f3modo no siempre es lo m\u00e1s adecuado<\/span>. D<span style=\"color: #1d2129\">espu\u00e9s de todo, crecer, independizarse y construir autonom\u00eda puede ser doloroso, aun cuando inevitable e ineludible\u201d.<\/span><\/span><\/p>\n<p style=\"background: white;margin: 4.5pt 0cm 4.5pt 0cm\"><span style=\"font-size: 11.0pt;font-family: 'Calibri',sans-serif;color: #1d2129\">En el siguiente enlace podr\u00e1s consultar la publicaci\u00f3n:<br \/>\n<a href=\"https:\/\/l.facebook.com\/l.php?u=http%3A%2F%2Fwww.semana.com%2Fopinion%2Fblogs%2Fentrada-blog%2Fpor-que-dificil-ir-psicoanalista%2F320974&amp;h=ATOEP9eK-rYJ2xMH0e7PuLLtZJE52L4Pu0ip-tJj3Fs4boHxLfD7mLPuUoSx7aAElGSZXzCROT6e-Mp_Xw-53eOu1m9E-LIDsjBhFzDXF0MwrvWycxLQpJYq_9F14GSr7aGFt9ymxu9xgRWz7jlKEbXzd8RrVbohjXW_cg0eQCP9JgFENyt0KskyxDVR3t892IK29hDKdvAJcbQOHM350f2kpHu0eW6eSft86UBYXpiMNeS_x95veqqIlZxirqQB32e0MmIfXX5etth0IseCbUg9i1jW7u-Qf0s\" target=\"_blank\" rel=\"noopener noreferrer\"><span style=\"color: #365899\">http:\/\/www.semana.com\/\u2026\/por-que-dificil-ir-psicoanal\u2026\/320974<\/span><\/a><\/span><\/p>\n<p style=\"background: white;margin: 4.5pt 0cm 4.5pt 0cm\">\n","protected":false},"excerpt":{"rendered":"<p>Son muchas las razones que da una persona por las que no \u201cpuede\u201d iniciar un proceso terap\u00e9utico: el dinero, el tiempo y las distancias son las principales. Si bien en algunos casos pueden ser v\u00e1lidas, la experiencia nos dice que las causas reales son otras. La principal resistencia tiene que ver con el temor a descubrir aquello de lo que no se quiere saber (lo inconsciente), cuestionar aquello que damos por hecho y que validamos\u00a0de nuestro funcionamiento mental. En el peri\u00f3dico \u201cSemana de Colombia\u201d se public\u00f3 una interesante opini\u00f3n al respecto: \u201c\u2026 el problema est\u00e1 en la resistencia que implica\u2026<\/p>\n","protected":false},"author":4,"featured_media":1627,"comment_status":"closed","ping_status":"closed","sticky":false,"template":"","format":"standard","meta":[],"categories":[1419,1420],"tags":[2,21],"blocksy_meta":"","_links":{"self":[{"href":"https:\/\/www.centroeleia.edu.mx\/blog\/wp-json\/wp\/v2\/posts\/1626"}],"collection":[{"href":"https:\/\/www.centroeleia.edu.mx\/blog\/wp-json\/wp\/v2\/posts"}],"about":[{"href":"https:\/\/www.centroeleia.edu.mx\/blog\/wp-json\/wp\/v2\/types\/post"}],"author":[{"embeddable":true,"href":"https:\/\/www.centroeleia.edu.mx\/blog\/wp-json\/wp\/v2\/users\/4"}],"replies":[{"embeddable":true,"href":"https:\/\/www.centroeleia.edu.mx\/blog\/wp-json\/wp\/v2\/comments?post=1626"}],"version-history":[{"count":7,"href":"https:\/\/www.centroeleia.edu.mx\/blog\/wp-json\/wp\/v2\/posts\/1626\/revisions"}],"predecessor-version":[{"id":10823,"href":"https:\/\/www.centroeleia.edu.mx\/blog\/wp-json\/wp\/v2\/posts\/1626\/revisions\/10823"}],"wp:featuredmedia":[{"embeddable":true,"href":"https:\/\/www.centroeleia.edu.mx\/blog\/wp-json\/wp\/v2\/media\/1627"}],"wp:attachment":[{"href":"https:\/\/www.centroeleia.edu.mx\/blog\/wp-json\/wp\/v2\/media?parent=1626"}],"wp:term":[{"taxonomy":"category","embeddable":true,"href":"https:\/\/www.centroeleia.edu.mx\/blog\/wp-json\/wp\/v2\/categories?post=1626"},{"taxonomy":"post_tag","embeddable":true,"href":"https:\/\/www.centroeleia.edu.mx\/blog\/wp-json\/wp\/v2\/tags?post=1626"}],"curies":[{"name":"wp","href":"https:\/\/api.w.org\/{rel}","templated":true}]}}