{"id":145,"date":"2014-11-21T11:07:51","date_gmt":"2014-11-21T11:07:51","guid":{"rendered":"http:\/\/www.centroeleia.edu.mx\/blog\/?p=145"},"modified":"2023-03-22T12:28:51","modified_gmt":"2023-03-22T18:28:51","slug":"entrevista-a-la-dra-yolanda-del-valle-respecto-de-su-taller-pensando-el-edipo-desde-la-clinica-psicoanalitica","status":"publish","type":"post","link":"https:\/\/www.centroeleia.edu.mx\/blog\/entrevista-a-la-dra-yolanda-del-valle-respecto-de-su-taller-pensando-el-edipo-desde-la-clinica-psicoanalitica\/","title":{"rendered":"Entrevista a la Dra. Yolanda del Valle respecto de su taller: Pensando el Edipo desde la cl\u00ednica psicoanal\u00edtica"},"content":{"rendered":"<p><strong>Doctora Yolanda del Valle, me alegra saludarla. \u00bfNos puede explicar por qu\u00e9 decidi\u00f3 abordar el tema del Complejo de Edipo en este taller?<\/strong><\/p>\n<p>Mi inter\u00e9s por reflexionar y profundizar la pr\u00e1ctica cl\u00ednica con mis pacientes y el deseo por profundizar en la teor\u00eda psicoanal\u00edtica, me llevaron desde hace unos a\u00f1os a investigar algunos temas sobresalientes en psicoan\u00e1lisis y \u00e9ste, sobre el Edipo, es central.<\/p>\n<p><strong>Adem\u00e1s de tratarse de un tema importante para quienes aprenden psicoterapia psicoanal\u00edtica, \u00bfpodr\u00eda ser \u00fatil que conozcan de qu\u00e9 trata el Complejo de Edipo maestros de ni\u00f1os en guarder\u00edas y kinders, escuela primaria, secundaria y preparatoria, pediatras que aconsejan sobre puericultura a los padres, profesionistas de Recursos Humanos que trabajan en empresa e instituciones y enfrentan conflictos familiares?<\/strong><\/p>\n<p>Toda manifestaci\u00f3n de lo humano, de su conducta y sus interacciones, as\u00ed como todo aquello que incumbe a la mente, es material importante para estos profesionistas que mencionas, de la misma manera en que lo es para nosotros en psicoan\u00e1lisis.<\/p>\n<p>Me parece que es importante entender que formamos parte de un territorio plural, en el que coexisten m\u00faltiples disciplinas, y que eso nos obliga a entender qu\u00e9 es lo que concierne a cada una de ellas y cu\u00e1l es nuestra caracter\u00edstica distintiva como psicoanalistas dentro de ese universo. Entendido de esa manera, el taller formar\u00eda parte de un sinn\u00famero de instrumentos que sirven como puente de conexi\u00f3n.<\/p>\n<p><strong>\u00bfRecomendar\u00eda usted a esas personas que concurran a su taller para entender los conflictos humanos respecto al Complejo de Edipo?<\/strong><\/p>\n<p>Sin duda. Asomarse a lo que significa en profundidad lo ed\u00edpico en psicoan\u00e1lisis es indispensable para quienes nos dedicamos de una u otra manera a la salud mental o a la formaci\u00f3n. Es recomendable, incluso, como parte de la cultura general.<\/p>\n<p><strong>\u00bfResultar\u00eda accesible a la comprensi\u00f3n de todas esas personas, incluyendo padres de ni\u00f1os y adolescentes, los temas de los que hablar\u00e1 en su taller?<\/strong><\/p>\n<p>\u00c9sa es mi intenci\u00f3n. Creo que la difusi\u00f3n del conocimiento nos obliga a intentar hacerlo accesible. Sin embargo, hay ideas, conceptos o explicaciones que no son comprensibles para el p\u00fablico general, y entiendo que esa misma falta de comprensi\u00f3n puede transformarse en aliciente por averiguar m\u00e1s sobre el tema.<\/p>\n<p>En lo personal, lo que ignoro, lo que no entiendo a cabalidad, o lo que contin\u00faa siendo un misterio para m\u00ed, es uno de los grandes est\u00edmulos que me mantienen constantemente interesada en el estudio sobre mi oficio.<\/p>\n<p><strong>\u00bfCree que el psicoan\u00e1lisis puede ayudar a comprender problemas sociales e institucionales con temas tales como el Complejo de Edipo? \u00bfPodr\u00eda darnos un ejemplo al respecto?<\/strong><\/p>\n<p>S\u00ed. Existen corrientes e investigaciones en psicoan\u00e1lisis que se han especializado en el estudio, la comprensi\u00f3n y la intervenci\u00f3n en conflictos sociales o institucionales.<\/p>\n<p>No creo que el estudio espec\u00edfico del Edipo brinde elementos para tal comprensi\u00f3n al p\u00fablico en general, mientras que a los psicoanalistas interesados en hacer intervenciones institucionales o en pensar desde nuestra perspectiva los problemas pol\u00edticos y sociales, adentrarse en la complejidad del Edipo puede proporcionarles un excelente material para la reflexi\u00f3n.<\/p>\n<p><strong>PREGUNTAS ESPEC\u00cdFICAS SOBRE ESTE TALLER<\/strong><\/p>\n<p><strong>Quiero preguntarle si el Complejo de Edipo es un proceso normal en la vida de todas las personas. Tambi\u00e9n si se puede aplicar en diferentes \u00e9pocas y culturas.<\/strong><\/p>\n<p>Me parece que el Edipo, como explicaci\u00f3n de la estructuraci\u00f3n del sujeto, puede considerarse universal, pero la forma espec\u00edfica de la estructura, las variaciones y modalidades ed\u00edpicas son tantas como el n\u00famero de individuos. Existen autores que se oponen a esta idea, por lo que han observado en otras culturas; observaciones que han dado lugar a interesantes debates. De todos modos, la investigaci\u00f3n continua en psicoan\u00e1lisis permite ir logrando una aproximaci\u00f3n a los hechos de mayor complejidad y esto mismo ha sucedido con el Edipo.<\/p>\n<p><strong>\u00bfSe podr\u00eda decir que una persona adulta tiene ciertos s\u00edntomas y conflictos emocionales porque no resolvi\u00f3 bien su Complejo de Edipo en la infancia? \u00bfNos dar\u00eda un ejemplo?<\/strong><\/p>\n<p>S\u00ed, en t\u00e9rminos generales podr\u00eda decirse que ciertos s\u00edntomas est\u00e1n ligados a lo que en psicoan\u00e1lisis cl\u00e1sico se entiende como una falla en la soluci\u00f3n del Edipo. Por ejemplo, M, de 23 a\u00f1os, se ve continuamente envuelta en conflictos celos debido a su necesidad de seducir a los hombres buscando con ello provocar a sus parejas. Su trabajo anal\u00edtico le ha permitido ver que este conflicto que repite est\u00e1 relacionado con un problema de rivalidad, deseo de ser mirada, necesidad de lastimar a la madre y de dominar al padre buscando provocar su deseo y hacerle sentir su desaf\u00edo.<\/p>\n<p><strong>Cuando vemos en la cultura actual c\u00f3mo los adolescentes utilizan las redes sociales para comunicarse entre ellos y les interesa que los padres no tengan acceso a la informaci\u00f3n que comparten, \u00bftendr\u00eda esto, o bien fen\u00f3menos similares, algo que ver con los conflictos generacionales comprendidos desde el Complejo de Edipo?<\/strong><\/p>\n<p>Podr\u00eda tener que ver con conflictos generacionales, o podr\u00eda tener que ver con una evoluci\u00f3n saludable que manifiesta con ello la necesidad de ubicaci\u00f3n en una generaci\u00f3n propia poniendo distancia con la de los padres. Saber exactamente los motivos, va a depender de cada caso. Lo que es un hecho, es que el Edipo se relaciona con la ubicaci\u00f3n del sujeto en dos grandes temas: el g\u00e9nero y la generaci\u00f3n.<\/p>\n<p><strong>\u00bfLa actitud emocional y las conductas que los padres tienen respecto a sus hijos son elementos importantes en c\u00f3mo se estructura el conflicto ed\u00edpico?<\/strong><\/p>\n<p>A trav\u00e9s de sus actitudes emocionales y sus conductas, los padres transmiten a los hijos fantas\u00edas, representaciones e ideas relacionadas con su propia conflictiva ed\u00edpica. Si la madre no logr\u00f3 establecer una distancia saludable con la suya, ser\u00e1 muy dif\u00edcil para la hija vivir su propio desprendimiento sin sentimiento de culpa y da\u00f1o, porque lo que su madre le transmite se suma al dificultoso proceso personal.<\/p>\n<p><strong>\u00bfSe puede elaborar el Complejo de Edipo espont\u00e1neamente cuando las condiciones internas y externas de su desarrollo fueron adecuadas? \u00bfO es necesario recurrir a un tratamiento psicoanal\u00edtico para resolver de mejor manera los conflictos ed\u00edpicos?<\/strong><\/p>\n<p>S\u00ed, es perfectamente posible elaborar el Edipo espont\u00e1neamente cuando existen las condiciones adecuadas sin tener que recurrir a un trabajo anal\u00edtico. Aunque \u00e9ste es siempre recomendable cuando existe el deseo de mejorar como persona o comprender m\u00e1s a fondo la mente, adem\u00e1s de aquellas ocasiones en que se busca resolver un conflicto.<\/p>\n<p><strong>Semblanza de la Dra. Yolanda del Valle<\/strong><\/p>\n<p>Es doctora en Cl\u00ednica Psicoanal\u00edtica. Egresada y actual docente de Centro Eleia. Se dedica al psicoan\u00e1lisis tanto en la pr\u00e1ctica cl\u00ednica como en la investigaci\u00f3n. Imparte conferencias en instituciones p\u00fablicas y privadas sobre diferentes temas de psicoan\u00e1lisis y desde hace a\u00f1os imparte seminarios sobre la escuela psicoanal\u00edtica francesa, especialmente sobre la obra de Andr\u00e9 Green.<\/p>\n<p>Las fechas del Taller \u00abPensando el Edipo desde la cl\u00ednica psicoanal\u00edtica\u00bb son:<br \/>\nS\u00e1bado 30 de agosto de 2014, Plantel Norte.<br \/>\nS\u00e1bado 6 de septiembre de 2014, Plantel Sur.<br \/>\nHorario: 10:00 a 13:00 hrs.<br \/>\nImparte: Yolanda del Valle<br \/>\nCuota de recuperaci\u00f3n $150<br \/>\nCupo limitado.<br \/>\nInscr\u00edbete al taller aqu\u00ed<\/p>\n","protected":false},"excerpt":{"rendered":"<p>Doctora Yolanda del Valle, me alegra saludarla. \u00bfNos puede explicar por qu\u00e9 decidi\u00f3 abordar el tema del Complejo de Edipo en este taller? Mi inter\u00e9s por reflexionar y profundizar la pr\u00e1ctica cl\u00ednica con mis pacientes y el deseo por profundizar en la teor\u00eda psicoanal\u00edtica, me llevaron desde hace unos a\u00f1os a investigar algunos temas sobresalientes en psicoan\u00e1lisis y \u00e9ste, sobre el Edipo, es central. Adem\u00e1s de tratarse de un tema importante para quienes aprenden psicoterapia psicoanal\u00edtica, \u00bfpodr\u00eda ser \u00fatil que conozcan de qu\u00e9 trata el Complejo de Edipo maestros de ni\u00f1os en guarder\u00edas y kinders, escuela primaria, secundaria y preparatoria,\u2026<\/p>\n","protected":false},"author":4,"featured_media":402,"comment_status":"closed","ping_status":"closed","sticky":false,"template":"","format":"standard","meta":[],"categories":[1419,1420],"tags":[324,67,1035,86,88,47],"blocksy_meta":"","_links":{"self":[{"href":"https:\/\/www.centroeleia.edu.mx\/blog\/wp-json\/wp\/v2\/posts\/145"}],"collection":[{"href":"https:\/\/www.centroeleia.edu.mx\/blog\/wp-json\/wp\/v2\/posts"}],"about":[{"href":"https:\/\/www.centroeleia.edu.mx\/blog\/wp-json\/wp\/v2\/types\/post"}],"author":[{"embeddable":true,"href":"https:\/\/www.centroeleia.edu.mx\/blog\/wp-json\/wp\/v2\/users\/4"}],"replies":[{"embeddable":true,"href":"https:\/\/www.centroeleia.edu.mx\/blog\/wp-json\/wp\/v2\/comments?post=145"}],"version-history":[{"count":2,"href":"https:\/\/www.centroeleia.edu.mx\/blog\/wp-json\/wp\/v2\/posts\/145\/revisions"}],"predecessor-version":[{"id":433,"href":"https:\/\/www.centroeleia.edu.mx\/blog\/wp-json\/wp\/v2\/posts\/145\/revisions\/433"}],"wp:featuredmedia":[{"embeddable":true,"href":"https:\/\/www.centroeleia.edu.mx\/blog\/wp-json\/wp\/v2\/media\/402"}],"wp:attachment":[{"href":"https:\/\/www.centroeleia.edu.mx\/blog\/wp-json\/wp\/v2\/media?parent=145"}],"wp:term":[{"taxonomy":"category","embeddable":true,"href":"https:\/\/www.centroeleia.edu.mx\/blog\/wp-json\/wp\/v2\/categories?post=145"},{"taxonomy":"post_tag","embeddable":true,"href":"https:\/\/www.centroeleia.edu.mx\/blog\/wp-json\/wp\/v2\/tags?post=145"}],"curies":[{"name":"wp","href":"https:\/\/api.w.org\/{rel}","templated":true}]}}