{"id":13761,"date":"2026-01-27T11:52:52","date_gmt":"2026-01-27T17:52:52","guid":{"rendered":"https:\/\/www.centroeleia.edu.mx\/blog\/?p=13761"},"modified":"2026-02-12T10:12:36","modified_gmt":"2026-02-12T16:12:36","slug":"temas-esenciales-del-psicoanalisis-de-la-conjuncion-entre-teoria-y-clinica","status":"publish","type":"post","link":"https:\/\/www.centroeleia.edu.mx\/blog\/temas-esenciales-del-psicoanalisis-de-la-conjuncion-entre-teoria-y-clinica\/","title":{"rendered":"Temas esenciales del psicoan\u00e1lisis: de la conjunci\u00f3n entre teor\u00eda y cl\u00ednica"},"content":{"rendered":"\n<p>Por Andrea Amezcua Espinosa<\/p>\n<p>\u00a0<\/p>\n<p>En t\u00e9rminos pr\u00e1cticos y cl\u00ednicos, el psicoan\u00e1lisis ha construido una t\u00e9cnica para el trabajo terap\u00e9utico que excede y ampl\u00eda los alcances de su teor\u00eda. El eje rector de los postulados del psicoan\u00e1lisis, desde los tiempos freudianos hasta la \u00e9poca contempor\u00e1nea, se basa en la aplicabilidad de las construcciones de orden te\u00f3rico en la praxis cl\u00ednica. Nuestra disciplina se constituye, entonces, por el faro de la experiencia cl\u00ednica. Si bien la metapsicolog\u00eda es interesante y profundamente enriquecedora, su visi\u00f3n terap\u00e9utica es la que le ha abierto un espacio dentro del campo de las humanidades y de la atenci\u00f3n a la escucha propia de nuestra disciplina.<\/p>\n<p>\u00a0\u00a0\u00a0\u00a0\u00a0\u00a0\u00a0\u00a0\u00a0\u00a0\u00a0 En el <a href=\"https:\/\/ec.centroeleia.edu.mx\/curso\/temas-esenciales-del-psicoanalisis\/\">curso corto \u201cTemas esenciales del psicoan\u00e1lisis\u201d<\/a> revisaremos los conceptos que diferentes e importantes escuelas han propuesto para explicar desde aspectos del desarrollo temprano hasta la psicopatolog\u00eda y sus categor\u00edas. El uso que le damos a la mirada atenta y enfocada hacia el paciente ser\u00e1 la gu\u00eda para entender qu\u00e9 implicaciones tiene aceptar o no ciertos postulados en la cl\u00ednica. Por ejemplo, si aceptamos el narcisismo primario o abogamos por una relaci\u00f3n de objeto temprana, o si se sostiene la agresi\u00f3n como resultado de procesos mort\u00edferos vinculados a un tipo de pulsi\u00f3n, entre muchas otras divergencias.<\/p>\n<p>\u00a0\u00a0\u00a0\u00a0\u00a0\u00a0\u00a0\u00a0\u00a0\u00a0\u00a0 El cuerpo general del psicoan\u00e1lisis no es uniforme, no lo constituye un monolito te\u00f3rico. Es m\u00e1s, su propia naturaleza lo lleva a la heterogeneidad y al pluralismo. De dicho tejido diverso se conforma la experiencia psicoanal\u00edtica; conocer las diferentes perspectivas enriquece y ayuda a crear mejores interpretaciones e intervenciones para nuestros pacientes. En este diverso entramado conviene estar dispuestos al di\u00e1logo, no en un sentido de eclecticismo o mezcla sin distinci\u00f3n, sino en aquel que tambi\u00e9n permite y concede al otro un estatuto de verdad. La capacidad de descripci\u00f3n de un mismo fen\u00f3meno mental se puede dar desde diferentes \u00e1mbitos. As\u00ed, podemos pensar que las teor\u00edas, aunque no son \u201ctraducibles\u201d de forma total, s\u00ed intentan describir un hecho fenomenol\u00f3gico complejo.<\/p>\n<p>\u00a0\u00a0\u00a0\u00a0\u00a0\u00a0\u00a0\u00a0\u00a0\u00a0\u00a0 La complejidad nos acompa\u00f1ar\u00e1 en la reflexi\u00f3n sobre la constituci\u00f3n de la mente, tanto en la sanidad como en la patolog\u00eda.<\/p>\n","protected":false},"excerpt":{"rendered":"<p>Por Andrea Amezcua Espinosa \u00a0 En t\u00e9rminos pr\u00e1cticos y cl\u00ednicos, el psicoan\u00e1lisis ha construido una t\u00e9cnica para el trabajo terap\u00e9utico que excede y ampl\u00eda los alcances de su teor\u00eda. El eje rector de los postulados del psicoan\u00e1lisis, desde los tiempos freudianos hasta la \u00e9poca contempor\u00e1nea, se basa en la aplicabilidad de las construcciones de orden te\u00f3rico en la praxis cl\u00ednica. Nuestra disciplina se constituye, entonces, por el faro de la experiencia cl\u00ednica. Si bien la metapsicolog\u00eda es interesante y profundamente enriquecedora, su visi\u00f3n terap\u00e9utica es la que le ha abierto un espacio dentro del campo de las humanidades y de\u2026<\/p>\n","protected":false},"author":4,"featured_media":13807,"comment_status":"closed","ping_status":"closed","sticky":false,"template":"","format":"standard","meta":[],"categories":[1420],"tags":[2178,2199,2,21,459],"blocksy_meta":"","_links":{"self":[{"href":"https:\/\/www.centroeleia.edu.mx\/blog\/wp-json\/wp\/v2\/posts\/13761"}],"collection":[{"href":"https:\/\/www.centroeleia.edu.mx\/blog\/wp-json\/wp\/v2\/posts"}],"about":[{"href":"https:\/\/www.centroeleia.edu.mx\/blog\/wp-json\/wp\/v2\/types\/post"}],"author":[{"embeddable":true,"href":"https:\/\/www.centroeleia.edu.mx\/blog\/wp-json\/wp\/v2\/users\/4"}],"replies":[{"embeddable":true,"href":"https:\/\/www.centroeleia.edu.mx\/blog\/wp-json\/wp\/v2\/comments?post=13761"}],"version-history":[{"count":3,"href":"https:\/\/www.centroeleia.edu.mx\/blog\/wp-json\/wp\/v2\/posts\/13761\/revisions"}],"predecessor-version":[{"id":13829,"href":"https:\/\/www.centroeleia.edu.mx\/blog\/wp-json\/wp\/v2\/posts\/13761\/revisions\/13829"}],"wp:featuredmedia":[{"embeddable":true,"href":"https:\/\/www.centroeleia.edu.mx\/blog\/wp-json\/wp\/v2\/media\/13807"}],"wp:attachment":[{"href":"https:\/\/www.centroeleia.edu.mx\/blog\/wp-json\/wp\/v2\/media?parent=13761"}],"wp:term":[{"taxonomy":"category","embeddable":true,"href":"https:\/\/www.centroeleia.edu.mx\/blog\/wp-json\/wp\/v2\/categories?post=13761"},{"taxonomy":"post_tag","embeddable":true,"href":"https:\/\/www.centroeleia.edu.mx\/blog\/wp-json\/wp\/v2\/tags?post=13761"}],"curies":[{"name":"wp","href":"https:\/\/api.w.org\/{rel}","templated":true}]}}