{"id":13297,"date":"2025-05-28T15:51:13","date_gmt":"2025-05-28T21:51:13","guid":{"rendered":"https:\/\/www.centroeleia.edu.mx\/blog\/?p=13297"},"modified":"2025-06-03T16:45:59","modified_gmt":"2025-06-03T22:45:59","slug":"podcast-vinculos-familiares-y-su-impacto-en-el-mundo-psiquico-jornadas-2025","status":"publish","type":"post","link":"https:\/\/www.centroeleia.edu.mx\/blog\/podcast-vinculos-familiares-y-su-impacto-en-el-mundo-psiquico-jornadas-2025\/","title":{"rendered":"Podcast. V\u00ednculos familiares y su impacto en el mundo ps\u00edquico. Jornadas 2025"},"content":{"rendered":"\n<p>Este podcast que presenta Andrea Amezcua, miembro de la Comisi\u00f3n Organizadora de las Jornadas 2025, explora c\u00f3mo los v\u00ednculos familiares moldean el mundo ps\u00edquico desde una perspectiva psicoanal\u00edtica. Se destaca que las relaciones tempranas con figuras parentales influyen en la formaci\u00f3n de objetos internos, afectando la identidad y las relaciones futuras. A trav\u00e9s de ejemplos cl\u00ednicos, se ilustra c\u00f3mo las experiencias familiares pasadas pueden manifestarse en conflictos actuales, como dificultades profesionales o en la crianza. Se enfatiza la importancia de comprender la realidad ps\u00edquica construida por estos v\u00ednculos para abordar eficazmente los desaf\u00edos emocionales y relacionales en la pr\u00e1ctica terap\u00e9utica.<\/p>\n<p>No te pierdas las Jornadas Cl\u00ednicas 2025, el 20 y 21 de junio de 2025.<br>Es un evento en l\u00ednea y sin costo.<\/p>\n<p>Inscr\u00edbete en el siguiente enlace:&nbsp;<a title=\"https:\/\/centroeleia.edu.mx\/\" href=\"https:\/\/gate.sc\/?url=https%3A%2F%2Fcentroeleia.edu.mx%2F&amp;token=7c35b4-1-1748468964802\" target=\"_blank\" rel=\"nofollow noopener ugc\">centroeleia.edu.mx\/<\/a><\/p>\n<p><iframe title=\"Spotify Embed: V\u00ednculos familiares y su impacto en el mundo ps\u00edquico. Con Andrea Amezcua. Jornadas 2025\" style=\"border-radius: 12px\" width=\"100%\" height=\"152\" frameborder=\"0\" allowfullscreen allow=\"autoplay; clipboard-write; encrypted-media; fullscreen; picture-in-picture\" loading=\"lazy\" src=\"https:\/\/open.spotify.com\/embed\/episode\/4YyX1qYrCS9JtZKPbh43V3?si=6Jxy9ZqoQDqkyMzWhpSVLA&#038;utm_source=oembed\"><\/iframe><\/p>\n\n\n","protected":false},"excerpt":{"rendered":"<p>Este podcast que presenta Andrea Amezcua, miembro de la Comisi\u00f3n Organizadora de las Jornadas 2025, explora c\u00f3mo los v\u00ednculos familiares moldean el mundo ps\u00edquico desde una perspectiva psicoanal\u00edtica. Se destaca que las relaciones tempranas con figuras parentales influyen en la formaci\u00f3n de objetos internos, afectando la identidad y las relaciones futuras. A trav\u00e9s de ejemplos cl\u00ednicos, se ilustra c\u00f3mo las experiencias familiares pasadas pueden manifestarse en conflictos actuales, como dificultades profesionales o en la crianza. Se enfatiza la importancia de comprender la realidad ps\u00edquica construida por estos v\u00ednculos para abordar eficazmente los desaf\u00edos emocionales y relacionales en la pr\u00e1ctica terap\u00e9utica.\u2026<\/p>\n","protected":false},"author":4,"featured_media":13306,"comment_status":"closed","ping_status":"closed","sticky":false,"template":"","format":"standard","meta":[],"categories":[1419],"tags":[20,12,67,16,2,70],"blocksy_meta":"","_links":{"self":[{"href":"https:\/\/www.centroeleia.edu.mx\/blog\/wp-json\/wp\/v2\/posts\/13297"}],"collection":[{"href":"https:\/\/www.centroeleia.edu.mx\/blog\/wp-json\/wp\/v2\/posts"}],"about":[{"href":"https:\/\/www.centroeleia.edu.mx\/blog\/wp-json\/wp\/v2\/types\/post"}],"author":[{"embeddable":true,"href":"https:\/\/www.centroeleia.edu.mx\/blog\/wp-json\/wp\/v2\/users\/4"}],"replies":[{"embeddable":true,"href":"https:\/\/www.centroeleia.edu.mx\/blog\/wp-json\/wp\/v2\/comments?post=13297"}],"version-history":[{"count":3,"href":"https:\/\/www.centroeleia.edu.mx\/blog\/wp-json\/wp\/v2\/posts\/13297\/revisions"}],"predecessor-version":[{"id":13318,"href":"https:\/\/www.centroeleia.edu.mx\/blog\/wp-json\/wp\/v2\/posts\/13297\/revisions\/13318"}],"wp:featuredmedia":[{"embeddable":true,"href":"https:\/\/www.centroeleia.edu.mx\/blog\/wp-json\/wp\/v2\/media\/13306"}],"wp:attachment":[{"href":"https:\/\/www.centroeleia.edu.mx\/blog\/wp-json\/wp\/v2\/media?parent=13297"}],"wp:term":[{"taxonomy":"category","embeddable":true,"href":"https:\/\/www.centroeleia.edu.mx\/blog\/wp-json\/wp\/v2\/categories?post=13297"},{"taxonomy":"post_tag","embeddable":true,"href":"https:\/\/www.centroeleia.edu.mx\/blog\/wp-json\/wp\/v2\/tags?post=13297"}],"curies":[{"name":"wp","href":"https:\/\/api.w.org\/{rel}","templated":true}]}}