{"id":1122,"date":"2016-04-28T19:22:43","date_gmt":"2016-04-28T19:22:43","guid":{"rendered":"http:\/\/www.centroeleia.edu.mx\/blog\/?p=1122"},"modified":"2023-03-23T13:24:02","modified_gmt":"2023-03-23T19:24:02","slug":"el-mejor-momento-de-las-jornadas-su-libro","status":"publish","type":"post","link":"https:\/\/www.centroeleia.edu.mx\/blog\/el-mejor-momento-de-las-jornadas-su-libro\/","title":{"rendered":"El mejor momento de las Jornadas: Su libro"},"content":{"rendered":"<p style=\"text-align: right\">Dra. Yolanda del Valle<\/p>\n<p>Sentados en el estudio frente al librero, un grupo de colegas platic\u00e1bamos animadamente cuando se nos ocurri\u00f3 preguntarnos c\u00f3mo se relacionaba cada uno con sus libros: <em>yo apenas y anoto mi nombre en la primera p\u00e1gina y de vez en cuando subrayo muy suavemente con l\u00e1piz; yo nunca los subrayo ni escribo en ellos, me parece deleznable, amo tanto a mis libros que hacerlo me parece un atropello; yo hago con mis libros lo que quiero: tomo notas con l\u00e1piz, subrayo con plum\u00f3n amarillo, destaco lo central con tinta roja y escribo al margen lo que pienso<\/em>\u2026 Uno de ellos nos confes\u00f3 que cuidaba hasta lo indecible las ediciones especiales a las que colocaba sobre un atril en lo que las hojeaba para evitar que las pastas, las p\u00e1ginas o el lomo pudieran deformarse.<\/p>\n<p>De una manera o de otra, nos quedaba claro que el libro es siempre un objeto cargado de significados. Regularmente nos interesa conocer qu\u00e9 dice, emprender un viaje a trav\u00e9s del mismo, abrirnos a su comunicaci\u00f3n, permitirnos sentir lo que transmite, analizarlo, contrastar lo que expone con lo que hemos le\u00eddo anteriormente. De la misma manera, al revisar el escrito vamos interiorizando las ideas que leemos y \u00e9stas van pasando por un descodificador de sus m\u00faltiples significados y por una especie de censura, efecto de nuestro juicio cr\u00edtico. La lectura nos permite a\u00f1adir un nuevo conocimiento, o bien recordar lo que ya hab\u00edamos le\u00eddo pero que deseamos pensar de nueva cuenta; sin dejar de mencionar que algunas veces el libro no nos despierta ning\u00fan inter\u00e9s y terminamos tir\u00e1ndolo al basurero.<\/p>\n<p>Uno es <em>el libro<\/em>, otro es <em>la\u00a0 escritura<\/em> como actividad que lo origina y lo habita, y otro m\u00e1s es <em>la lectura<\/em>, actividad creativa que corre por cuenta del lector. Esa lectura puede estar profundamente investida y valorada, vivida como fuente de placer y como un medio sumamente atractivo tanto para profundizar el conocimiento como para el enaltecimiento de la propia persona. Ahora bien, la lectura forma parte de una pr\u00e1ctica constante a la que nos obliga el oficio del psicoan\u00e1lisis: <em>teor\u00eda<\/em> y <em>cl\u00ednica<\/em>, inseparables como lo son en nuestra ciencia, cuentan con que la lectura es canal obligado para enterarnos de la teor\u00eda y servirnos de ella en la cl\u00ednica.<\/p>\n<p>En la Jornadas 2015, <em>Conflictos, p\u00e9rdidas y angustias depresivas en los v\u00ednculos intersubjetivos,<\/em> se desarroll\u00f3 un rico trabajo intelectual que buscaba transmitir aquel conocimiento indescriptible que se obtiene en el consultorio y que debe pasar por un trabajo de reflexi\u00f3n y organizaci\u00f3n hasta su elaboraci\u00f3n a trav\u00e9s de la escritura. Los escritos que escuchamos de viva voz en el evento, transmitieron experiencias vividas en la privacidad del consultorio, as\u00ed como ponencias de corte conceptual cuyo origen era el mismo. Contamos ahora con la publicaci\u00f3n de todo aquel trabajo en un voluminoso libro sumamente cuidado. Es cierto que la primera publicaci\u00f3n de los diferentes trabajos fue oral, ya que conocimos aquello desde la escucha; ahora corresponde disfrutar de cada una de las exposiciones desde la \u00edntima relaci\u00f3n personal con su contenido a partir de la lectura.<\/p>\n<p>Bienvenido el libro que nos permite establecer un di\u00e1logo a solas con quien ha vivido un oficio compartido y busc\u00f3 transmitir lo vivido y pensado poni\u00e9ndolo por escrito. De esa manera nos brind\u00f3 la oportunidad de pasar a un nivel m\u00e1s all\u00e1 y apostarnos en el territorio de la reflexi\u00f3n y el pensamiento. En ese momento el significado del libro se transforma, lo mismo que nuestra relaci\u00f3n con \u00e9l.<\/p>\n<p>Los invito a leerlo. Su tema nos incumbe a todos y la oportunidad de establecer una relaci\u00f3n solitaria con el papel en su blanco y negro, lugar de aparici\u00f3n de las ideas o de los aspectos significativos de las observaciones, nos brinda una real posibilidad de apropiarnos de lo que en otro momento escuchamos pero que ahora podemos enfrentarnos a \u00e9l marchando a nuestro ritmo, retrocediendo las p\u00e1ginas cuando deseamos retomar el hilo de las ideas, d\u00e1ndonos el tiempo de tomar nota de aquello que nos resulta significativo y sacando el libro de nuestro librero cada vez que deseemos consultarlo.<\/p>\n<p>Ese momento espec\u00edfico de pensar el material que se desarroll\u00f3 alrededor de las Jornadas, es el m\u00e1s valioso de la experiencia en su conjunto. Su edici\u00f3n captura todo el esfuerzo, recapitula lo m\u00e1s valioso y lo vuelve perdurable. Todo esto colocado en la dimensi\u00f3n del trabajo intelectual, de la raz\u00f3n, del pensamiento, que son alimento y material imprescindible en nuestro trabajo de escucha y de atenci\u00f3n flotante.<\/p>\n<p>Acude a Centro Eleia para obtener el libro. Llama al 56612177 para mayores informes.<\/p>\n","protected":false},"excerpt":{"rendered":"<p>Dra. Yolanda del Valle Sentados en el estudio frente al librero, un grupo de colegas platic\u00e1bamos animadamente cuando se nos ocurri\u00f3 preguntarnos c\u00f3mo se relacionaba cada uno con sus libros: yo apenas y anoto mi nombre en la primera p\u00e1gina y de vez en cuando subrayo muy suavemente con l\u00e1piz; yo nunca los subrayo ni escribo en ellos, me parece deleznable, amo tanto a mis libros que hacerlo me parece un atropello; yo hago con mis libros lo que quiero: tomo notas con l\u00e1piz, subrayo con plum\u00f3n amarillo, destaco lo central con tinta roja y escribo al margen lo que\u2026<\/p>\n","protected":false},"author":4,"featured_media":1128,"comment_status":"closed","ping_status":"closed","sticky":false,"template":"","format":"standard","meta":[],"categories":[1419,1420],"tags":[91,2],"blocksy_meta":"","_links":{"self":[{"href":"https:\/\/www.centroeleia.edu.mx\/blog\/wp-json\/wp\/v2\/posts\/1122"}],"collection":[{"href":"https:\/\/www.centroeleia.edu.mx\/blog\/wp-json\/wp\/v2\/posts"}],"about":[{"href":"https:\/\/www.centroeleia.edu.mx\/blog\/wp-json\/wp\/v2\/types\/post"}],"author":[{"embeddable":true,"href":"https:\/\/www.centroeleia.edu.mx\/blog\/wp-json\/wp\/v2\/users\/4"}],"replies":[{"embeddable":true,"href":"https:\/\/www.centroeleia.edu.mx\/blog\/wp-json\/wp\/v2\/comments?post=1122"}],"version-history":[{"count":3,"href":"https:\/\/www.centroeleia.edu.mx\/blog\/wp-json\/wp\/v2\/posts\/1122\/revisions"}],"predecessor-version":[{"id":10766,"href":"https:\/\/www.centroeleia.edu.mx\/blog\/wp-json\/wp\/v2\/posts\/1122\/revisions\/10766"}],"wp:featuredmedia":[{"embeddable":true,"href":"https:\/\/www.centroeleia.edu.mx\/blog\/wp-json\/wp\/v2\/media\/1128"}],"wp:attachment":[{"href":"https:\/\/www.centroeleia.edu.mx\/blog\/wp-json\/wp\/v2\/media?parent=1122"}],"wp:term":[{"taxonomy":"category","embeddable":true,"href":"https:\/\/www.centroeleia.edu.mx\/blog\/wp-json\/wp\/v2\/categories?post=1122"},{"taxonomy":"post_tag","embeddable":true,"href":"https:\/\/www.centroeleia.edu.mx\/blog\/wp-json\/wp\/v2\/tags?post=1122"}],"curies":[{"name":"wp","href":"https:\/\/api.w.org\/{rel}","templated":true}]}}